
{"id":2245,"date":"2020-08-19T16:22:02","date_gmt":"2020-08-19T14:22:02","guid":{"rendered":"https:\/\/przedszkole18.edu.wroclaw.pl\/?p=2245"},"modified":"2020-08-19T16:22:02","modified_gmt":"2020-08-19T14:22:02","slug":"oplaty","status":"publish","type":"post","link":"https:\/\/przedszkole18.edu.wroclaw.pl\/index.php\/2020\/08\/19\/oplaty\/","title":{"rendered":"Op\u0142aty !"},"content":{"rendered":"<p><strong><span style=\"color: #0000ff\">Szanowni Pa\u0144stwo!<\/span><\/strong><\/p>\n<p><span style=\"color: #008000\">Zgodnie z podpisan\u0105 przez Pa\u0144stwa\u00a0 01.09.2019 deklaracj\u0105 pobytu dziecka w plac\u00f3wce, zobowi\u0105zani jeste\u015bcie do wnoszenia op\u0142at za \u015bwiadczenia przedszkola do 15 dnia ka\u017cdego \u00a0 miesi\u0105ca, <strong><span style=\"color: #ff0000\">wszyscy kt\u00f3rzy,\u00a0<\/span><\/strong><\/span><strong><span style=\"color: #ff0000\"> nie dokonali op\u0142at i widniej\u0105 w systemie CARJO obs\u0142uguj\u0105cym plac\u00f3wki miejskie,\u00a0 jako\u00a0 d\u0142u\u017cnicy plac\u00f3wki, zostan\u0105 obj\u0119ci obowi\u0105zuj\u0105c\u0105 od 01.08.2020 r. procedur\u0105 windykacji.\u00a0<\/span><\/strong><\/p>\n<p><strong><span style=\"color: #0000ff\">W celu unikni\u0119cia obowi\u0105zuj\u0105cej nas,\u00a0 nieprzyjemnej procedury , zobowi\u0105zuj\u0119 Pa\u0144stwa\u00a0 o niezw\u0142oczne dokonanie op\u0142at!!!\u00a0<\/span> <\/strong><\/p>\n<p><span style=\"color: #800080\">Dyrektor plac\u00f3wki Lidia Walczak-I\u017cycka<\/span><\/p>\n","protected":false},"excerpt":{"rendered":"<p>Szanowni Pa\u0144stwo! Zgodnie z podpisan\u0105 przez Pa\u0144stwa\u00a0 01.09.2019 deklaracj\u0105 pobytu dziecka w plac\u00f3wce, zobowi\u0105zani jeste\u015bcie do wnoszenia op\u0142at za \u015bwiadczenia przedszkola do 15 dnia ka\u017cdego \u00a0 miesi\u0105ca, wszyscy kt\u00f3rzy,\u00a0 nie [&hellip;]<\/p>\n","protected":false},"author":115,"featured_media":2055,"comment_status":"closed","ping_status":"closed","sticky":false,"template":"","format":"standard","meta":{"ngg_post_thumbnail":0,"footnotes":""},"categories":[3],"tags":[],"class_list":["post-2245","post","type-post","status-publish","format-standard","has-post-thumbnail","hentry","category-aktualnosci","clearfix"],"_links":{"self":[{"href":"https:\/\/przedszkole18.edu.wroclaw.pl\/index.php\/wp-json\/wp\/v2\/posts\/2245","targetHints":{"allow":["GET"]}}],"collection":[{"href":"https:\/\/przedszkole18.edu.wroclaw.pl\/index.php\/wp-json\/wp\/v2\/posts"}],"about":[{"href":"https:\/\/przedszkole18.edu.wroclaw.pl\/index.php\/wp-json\/wp\/v2\/types\/post"}],"author":[{"embeddable":true,"href":"https:\/\/przedszkole18.edu.wroclaw.pl\/index.php\/wp-json\/wp\/v2\/users\/115"}],"replies":[{"embeddable":true,"href":"https:\/\/przedszkole18.edu.wroclaw.pl\/index.php\/wp-json\/wp\/v2\/comments?post=2245"}],"version-history":[{"count":1,"href":"https:\/\/przedszkole18.edu.wroclaw.pl\/index.php\/wp-json\/wp\/v2\/posts\/2245\/revisions"}],"predecessor-version":[{"id":2246,"href":"https:\/\/przedszkole18.edu.wroclaw.pl\/index.php\/wp-json\/wp\/v2\/posts\/2245\/revisions\/2246"}],"wp:featuredmedia":[{"embeddable":true,"href":"https:\/\/przedszkole18.edu.wroclaw.pl\/index.php\/wp-json\/wp\/v2\/media\/2055"}],"wp:attachment":[{"href":"https:\/\/przedszkole18.edu.wroclaw.pl\/index.php\/wp-json\/wp\/v2\/media?parent=2245"}],"wp:term":[{"taxonomy":"category","embeddable":true,"href":"https:\/\/przedszkole18.edu.wroclaw.pl\/index.php\/wp-json\/wp\/v2\/categories?post=2245"},{"taxonomy":"post_tag","embeddable":true,"href":"https:\/\/przedszkole18.edu.wroclaw.pl\/index.php\/wp-json\/wp\/v2\/tags?post=2245"}],"curies":[{"name":"wp","href":"https:\/\/api.w.org\/{rel}","templated":true}]}}