
{"id":2255,"date":"2020-08-22T12:22:49","date_gmt":"2020-08-22T10:22:49","guid":{"rendered":"https:\/\/przedszkole18.edu.wroclaw.pl\/?p=2255"},"modified":"2020-08-22T12:39:11","modified_gmt":"2020-08-22T10:39:11","slug":"organizacja-nowego-roku-szkolnego","status":"publish","type":"post","link":"https:\/\/przedszkole18.edu.wroclaw.pl\/index.php\/2020\/08\/22\/organizacja-nowego-roku-szkolnego\/","title":{"rendered":"Organizacja nowego  roku szkolnego!"},"content":{"rendered":"<p><span style=\"font-size: 14pt;color: #ff0000\"><em><strong>Wa\u017cne &#8211; Szanowni Pa\u0144stwo! <\/strong><\/em><\/span><\/p>\n<p><strong><span style=\"color: #008000\">Otrzymuj\u0119 wiele pyta\u0144 dotycz\u0105cych organizacji pracy przedszkola w nowym roku szkolnym 2020\/2021 , jak wszyscy Pa\u0144stwo wiecie,\u00a0 nadal pozostajemy\u00a0 w stanie epidemii i na ten czas zobowi\u0105zana jestem,\u00a0 ustali\u0107 wa\u017cne zasady i procedury bez przestrzegania kt\u00f3rych, nie mo\u017cliwe by\u0142oby nasze funkcjonowanie. Do przestrzegania ich zobowi\u0105zani s\u0105 wszyscy, zar\u00f3wno personel plac\u00f3wki jak i\u00a0 rodzice naszych wychowank\u00f3w.<\/span><\/strong><\/p>\n<p><strong><span style=\"color: #808000\"> Nale\u017cy jednak pami\u0119ta\u0107,\u00a0 \u017ce \u017cadne wytyczne czy procedury,\u00a0 nie dadz\u0105 nam 100% gwarancji,\u00a0 \u017ce nie zachorujemy, ale mog\u0105 one pom\u00f3c nam,\u00a0 zminimalizowa\u0107 ryzyko zachorowania. Ka\u017cdy\u00a0 zdiagnozowany przypadek zachorowania w\u015br\u00f3d personelu , dzieci lub rodzic\u00f3w mo\u017ce by\u0107 powodem zamkni\u0119cia plac\u00f3wki b\u0105d\u017a oddzia\u0142u\u00a0 i przej\u015bcia w stan kwarantanny, po wcze\u015bniejszym ustaleniu tego faktu\u00a0 z Organem Prowadz\u0105cym oraz Powiatowym Inspektorem Sanitarnym.<\/span>\u00a0<\/strong><\/p>\n<p><span style=\"font-size: 14pt\"><em><strong><span style=\"color: #ff0000\">Zobowi\u0105zuj\u0119 zatem Pa\u0144stwa do zapoznania si\u0119 i przestrzegania wszystkich zapis\u00f3w uj\u0119tych w\u00a0 procedurach !!!\u00a0<\/span> <\/strong><\/em><\/span><\/p>\n<p><a href=\"https:\/\/przedszkole18.edu.wroclaw.pl\/wp-content\/uploads\/sites\/36\/2020\/08\/PROCEDURA-ORGANIZACJI-OPIEKI-W-PRZEDSZKOLU-W-CZASIE-PANDEMII-COVID-19.doc\">PROCEDURA ORGANIZACJI OPIEKI W PRZEDSZKOLU W CZASIE PANDEMII COVID 19<\/a><\/p>\n<p><span style=\"font-size: 14pt;color: #800080\"><em><strong>W zak\u0142adce &#8211;\u00a0 Rodzice &#8211; Dokumenty,\u00a0 znajduj\u0105 si\u0119 potrzebne do przyj\u0119cia dziecka od 01.09.2020r.,\u00a0 edytowalne dokumenty, kt\u00f3re\u00a0 nale\u017cy dostarczy\u0107\u00a0\u00a0 do plac\u00f3wki\u00a0 b\u0105d\u017a przes\u0142a\u0107 ich skan\u00a0 do 31 sierpnia 2020r. <\/strong><\/em><\/span><\/p>\n<p><em><span style=\"color: #ff6600\">Pozdrawiam serdecznie i \u017cycz\u0119 du\u017co zdrowia.\u00a0 Sobie, Pracownikom i Pa\u0144stwu \u017cycz\u0119, \u00a0 du\u017co cierpliwo\u015bci\u00a0 i zrozumienia. \u00a0 <\/span><\/em><\/p>\n<p><em><span style=\"color: #ff6600\">Dyrektor plac\u00f3wki Lidia Walczak-I\u017cycka<\/span> <\/em><\/p>\n","protected":false},"excerpt":{"rendered":"<p>Wa\u017cne &#8211; Szanowni Pa\u0144stwo! Otrzymuj\u0119 wiele pyta\u0144 dotycz\u0105cych organizacji pracy przedszkola w nowym roku szkolnym 2020\/2021 , jak wszyscy Pa\u0144stwo wiecie,\u00a0 nadal pozostajemy\u00a0 w stanie epidemii i na ten czas [&hellip;]<\/p>\n","protected":false},"author":115,"featured_media":1727,"comment_status":"closed","ping_status":"closed","sticky":false,"template":"","format":"standard","meta":{"ngg_post_thumbnail":0,"footnotes":""},"categories":[3],"tags":[],"class_list":["post-2255","post","type-post","status-publish","format-standard","has-post-thumbnail","hentry","category-aktualnosci","clearfix"],"_links":{"self":[{"href":"https:\/\/przedszkole18.edu.wroclaw.pl\/index.php\/wp-json\/wp\/v2\/posts\/2255","targetHints":{"allow":["GET"]}}],"collection":[{"href":"https:\/\/przedszkole18.edu.wroclaw.pl\/index.php\/wp-json\/wp\/v2\/posts"}],"about":[{"href":"https:\/\/przedszkole18.edu.wroclaw.pl\/index.php\/wp-json\/wp\/v2\/types\/post"}],"author":[{"embeddable":true,"href":"https:\/\/przedszkole18.edu.wroclaw.pl\/index.php\/wp-json\/wp\/v2\/users\/115"}],"replies":[{"embeddable":true,"href":"https:\/\/przedszkole18.edu.wroclaw.pl\/index.php\/wp-json\/wp\/v2\/comments?post=2255"}],"version-history":[{"count":4,"href":"https:\/\/przedszkole18.edu.wroclaw.pl\/index.php\/wp-json\/wp\/v2\/posts\/2255\/revisions"}],"predecessor-version":[{"id":2261,"href":"https:\/\/przedszkole18.edu.wroclaw.pl\/index.php\/wp-json\/wp\/v2\/posts\/2255\/revisions\/2261"}],"wp:featuredmedia":[{"embeddable":true,"href":"https:\/\/przedszkole18.edu.wroclaw.pl\/index.php\/wp-json\/wp\/v2\/media\/1727"}],"wp:attachment":[{"href":"https:\/\/przedszkole18.edu.wroclaw.pl\/index.php\/wp-json\/wp\/v2\/media?parent=2255"}],"wp:term":[{"taxonomy":"category","embeddable":true,"href":"https:\/\/przedszkole18.edu.wroclaw.pl\/index.php\/wp-json\/wp\/v2\/categories?post=2255"},{"taxonomy":"post_tag","embeddable":true,"href":"https:\/\/przedszkole18.edu.wroclaw.pl\/index.php\/wp-json\/wp\/v2\/tags?post=2255"}],"curies":[{"name":"wp","href":"https:\/\/api.w.org\/{rel}","templated":true}]}}