
{"id":2274,"date":"2020-08-28T15:17:57","date_gmt":"2020-08-28T13:17:57","guid":{"rendered":"https:\/\/przedszkole18.edu.wroclaw.pl\/?p=2274"},"modified":"2020-10-01T23:47:40","modified_gmt":"2020-10-01T21:47:40","slug":"witamy-po-wakacjach","status":"publish","type":"post","link":"https:\/\/przedszkole18.edu.wroclaw.pl\/index.php\/2020\/08\/28\/witamy-po-wakacjach\/","title":{"rendered":"Witamy po wakacjach"},"content":{"rendered":"<p><strong><span style=\"font-size: 36pt;color: #008000\">Drodzy Rodzice<\/span><\/strong><\/p>\n<p><strong><span style=\"font-size: 14pt;color: #000080\">Od 1\u00a0 wrze\u015bnia rozpoczynamy kolejny rok szkolny jak\u017ce inny od poprzednich.<\/span><\/strong><\/p>\n<p><strong><span style=\"font-size: 14pt;color: #000080\">Pierwsze dni\u00a0 a nawet tygodnie up\u0142yn\u0105 dzieciom \u00a0pod znakiem adaptacji do nowej rzeczywisto\u015bci przedszkolnej, zgodnej z re\u017cimem sanitarnym, poniewa\u017c wi\u0119kszo\u015b\u0107 dzieci nie ucz\u0119szcza\u0142a do przedszkola od marca.<\/span><\/strong><\/p>\n<p><strong><span style=\"font-size: 14pt;color: #000080\">Prosimy rodzic\u00f3w o wsparcie Nas, i wykorzystanie ostatnich wolnych \u00a0wakacyjnych chwil, do om\u00f3wienia z dzie\u0107mi najwa\u017cniejszych zagadnie\u0144 zwi\u0105zanych z przestrzeganiem re\u017cimu (przede wszystkim zwr\u00f3cenie uwagi na spos\u00f3b w\u0142a\u015bciwego mycia r\u0105k).<\/span><\/strong><\/p>\n<p><strong><span style=\"font-size: 14pt;color: #000080\">W miar\u0119 mo\u017cliwo\u015bci, cz\u0119\u015b\u0107\u00a0 zaj\u0119\u0107 \u00a0organizowanych b\u0119dzie na \u00a0\u00a0\u015bwie\u017cym powietrzu \u00a0zgodnie z wytycznymi \u00a0\u00a0przeciwepidemiologicznymi G\u0142\u00f3wnego Inspektora Sanitarnego z dnia 2 lipca.<\/span><\/strong><\/p>\n<p><strong><span style=\"font-size: 14pt;color: #000080\">Bardzo prosimy rodzic\u00f3w o zapoznanie si\u0119 z procedurami bezpiecze\u0144stwa obowi\u0105zuj\u0105cymi w naszym przedszkolu (zak\u0142adka \u00a0\u201eAktualno\u015bci \u201e) i przestrzeganie ich ka\u017cdego dnia.<\/span><\/strong><\/p>\n<p><strong><span style=\"font-size: 14pt;color: #000080\">Zach\u0119camy Pa\u0144stwa do cz\u0119stego odwiedzania strony internetowej przedszkola i przypominamy o mo\u017cliwo\u015bci kontaktu mailowego. W ramach przypomnienia, aktualne adresy \u00a0mailowe poszczeg\u00f3lnych grup, umieszczone b\u0119d\u0105\u00a0 we wtorek 1. 09. 2020.<\/span><\/strong><\/p>\n<p>&nbsp;<\/p>\n<p>&nbsp;<\/p>\n","protected":false},"excerpt":{"rendered":"<p>Drodzy Rodzice Od 1\u00a0 wrze\u015bnia rozpoczynamy kolejny rok szkolny jak\u017ce inny od poprzednich. Pierwsze dni\u00a0 a nawet tygodnie up\u0142yn\u0105 dzieciom \u00a0pod znakiem adaptacji do nowej rzeczywisto\u015bci przedszkolnej, zgodnej z re\u017cimem [&hellip;]<\/p>\n","protected":false},"author":108,"featured_media":29,"comment_status":"closed","ping_status":"closed","sticky":false,"template":"","format":"standard","meta":{"ngg_post_thumbnail":0,"footnotes":""},"categories":[3],"tags":[],"class_list":["post-2274","post","type-post","status-publish","format-standard","has-post-thumbnail","hentry","category-aktualnosci","clearfix"],"_links":{"self":[{"href":"https:\/\/przedszkole18.edu.wroclaw.pl\/index.php\/wp-json\/wp\/v2\/posts\/2274","targetHints":{"allow":["GET"]}}],"collection":[{"href":"https:\/\/przedszkole18.edu.wroclaw.pl\/index.php\/wp-json\/wp\/v2\/posts"}],"about":[{"href":"https:\/\/przedszkole18.edu.wroclaw.pl\/index.php\/wp-json\/wp\/v2\/types\/post"}],"author":[{"embeddable":true,"href":"https:\/\/przedszkole18.edu.wroclaw.pl\/index.php\/wp-json\/wp\/v2\/users\/108"}],"replies":[{"embeddable":true,"href":"https:\/\/przedszkole18.edu.wroclaw.pl\/index.php\/wp-json\/wp\/v2\/comments?post=2274"}],"version-history":[{"count":3,"href":"https:\/\/przedszkole18.edu.wroclaw.pl\/index.php\/wp-json\/wp\/v2\/posts\/2274\/revisions"}],"predecessor-version":[{"id":2446,"href":"https:\/\/przedszkole18.edu.wroclaw.pl\/index.php\/wp-json\/wp\/v2\/posts\/2274\/revisions\/2446"}],"wp:featuredmedia":[{"embeddable":true,"href":"https:\/\/przedszkole18.edu.wroclaw.pl\/index.php\/wp-json\/wp\/v2\/media\/29"}],"wp:attachment":[{"href":"https:\/\/przedszkole18.edu.wroclaw.pl\/index.php\/wp-json\/wp\/v2\/media?parent=2274"}],"wp:term":[{"taxonomy":"category","embeddable":true,"href":"https:\/\/przedszkole18.edu.wroclaw.pl\/index.php\/wp-json\/wp\/v2\/categories?post=2274"},{"taxonomy":"post_tag","embeddable":true,"href":"https:\/\/przedszkole18.edu.wroclaw.pl\/index.php\/wp-json\/wp\/v2\/tags?post=2274"}],"curies":[{"name":"wp","href":"https:\/\/api.w.org\/{rel}","templated":true}]}}