
{"id":2277,"date":"2020-09-01T10:16:25","date_gmt":"2020-09-01T08:16:25","guid":{"rendered":"https:\/\/przedszkole18.edu.wroclaw.pl\/?p=2277"},"modified":"2020-09-01T10:32:51","modified_gmt":"2020-09-01T08:32:51","slug":"grupa-i-zebranie-organizacyjne","status":"publish","type":"post","link":"https:\/\/przedszkole18.edu.wroclaw.pl\/index.php\/2020\/09\/01\/grupa-i-zebranie-organizacyjne\/","title":{"rendered":"Grupa I zebranie organizacyjne"},"content":{"rendered":"<p><strong><span style=\"font-size: 24pt;color: #000080\">Dnia 3 wrze\u015bnia (czwartek) o godzinie 16.00 odb\u0119dzie si\u0119 zebranie dla rodzic\u00f3w dzieci z grupy I.<\/span><\/strong><\/p>\n<p>&nbsp;<\/p>\n<p><strong><span style=\"font-size: 24pt;color: #000080\">Miejsce zebrania &#8211; sala Grupy I.<\/span><\/strong><\/p>\n<p>&nbsp;<\/p>\n<p><strong><span style=\"font-size: 24pt;color: #000080\">W zwi\u0105zku z obostrzeniami obowi\u0105zkiem rodzic\u00f3w jest posiadanie maseczki na twarzy.<\/span><\/strong><\/p>\n<p>&nbsp;<\/p>\n<p><b style=\"color: #000080;font-size: 32px\">Zebranie odbywa si\u0119 bez dzieci.<\/b><\/p>\n<p><span style=\"color: #ff6600;font-size: 24pt\"><em><strong>Prosimy w szafkach dzieci zostawia\u0107 chusteczki higieniczne oraz mokry papier toaletowy.<\/strong><\/em><\/span><\/p>\n<p>&nbsp;<\/p>\n<p><span style=\"font-size: 24pt;color: #000080\"><em><strong>Z powa\u017caniem, Panie z grupy I<\/strong><\/em><\/span><\/p>\n","protected":false},"excerpt":{"rendered":"<p>Dnia 3 wrze\u015bnia (czwartek) o godzinie 16.00 odb\u0119dzie si\u0119 zebranie dla rodzic\u00f3w dzieci z grupy I. &nbsp; Miejsce zebrania &#8211; sala Grupy I. &nbsp; W zwi\u0105zku z obostrzeniami obowi\u0105zkiem rodzic\u00f3w [&hellip;]<\/p>\n","protected":false},"author":102,"featured_media":1859,"comment_status":"closed","ping_status":"closed","sticky":false,"template":"","format":"standard","meta":{"ngg_post_thumbnail":0,"footnotes":""},"categories":[3],"tags":[],"class_list":["post-2277","post","type-post","status-publish","format-standard","has-post-thumbnail","hentry","category-aktualnosci","clearfix"],"_links":{"self":[{"href":"https:\/\/przedszkole18.edu.wroclaw.pl\/index.php\/wp-json\/wp\/v2\/posts\/2277","targetHints":{"allow":["GET"]}}],"collection":[{"href":"https:\/\/przedszkole18.edu.wroclaw.pl\/index.php\/wp-json\/wp\/v2\/posts"}],"about":[{"href":"https:\/\/przedszkole18.edu.wroclaw.pl\/index.php\/wp-json\/wp\/v2\/types\/post"}],"author":[{"embeddable":true,"href":"https:\/\/przedszkole18.edu.wroclaw.pl\/index.php\/wp-json\/wp\/v2\/users\/102"}],"replies":[{"embeddable":true,"href":"https:\/\/przedszkole18.edu.wroclaw.pl\/index.php\/wp-json\/wp\/v2\/comments?post=2277"}],"version-history":[{"count":3,"href":"https:\/\/przedszkole18.edu.wroclaw.pl\/index.php\/wp-json\/wp\/v2\/posts\/2277\/revisions"}],"predecessor-version":[{"id":2280,"href":"https:\/\/przedszkole18.edu.wroclaw.pl\/index.php\/wp-json\/wp\/v2\/posts\/2277\/revisions\/2280"}],"wp:featuredmedia":[{"embeddable":true,"href":"https:\/\/przedszkole18.edu.wroclaw.pl\/index.php\/wp-json\/wp\/v2\/media\/1859"}],"wp:attachment":[{"href":"https:\/\/przedszkole18.edu.wroclaw.pl\/index.php\/wp-json\/wp\/v2\/media?parent=2277"}],"wp:term":[{"taxonomy":"category","embeddable":true,"href":"https:\/\/przedszkole18.edu.wroclaw.pl\/index.php\/wp-json\/wp\/v2\/categories?post=2277"},{"taxonomy":"post_tag","embeddable":true,"href":"https:\/\/przedszkole18.edu.wroclaw.pl\/index.php\/wp-json\/wp\/v2\/tags?post=2277"}],"curies":[{"name":"wp","href":"https:\/\/api.w.org\/{rel}","templated":true}]}}