
{"id":2281,"date":"2020-09-01T18:18:48","date_gmt":"2020-09-01T16:18:48","guid":{"rendered":"https:\/\/przedszkole18.edu.wroclaw.pl\/?p=2281"},"modified":"2020-09-01T18:18:48","modified_gmt":"2020-09-01T16:18:48","slug":"pierwszy-dzien","status":"publish","type":"post","link":"https:\/\/przedszkole18.edu.wroclaw.pl\/index.php\/2020\/09\/01\/pierwszy-dzien\/","title":{"rendered":"Pierwszy dzie\u0144!"},"content":{"rendered":"<p><em><span style=\"color: #339966;font-size: 14pt\">Witam wszystkich rodzic\u00f3w i wychowank\u00f3w naszej plac\u00f3wki.\u00a0 Dzi\u0119kuj\u0119 za pierwszy, trudny dla wszystkich dzie\u0144.\u00a0<\/span><\/em><\/p>\n<p><em><span style=\"color: #993300\"> Lipiec i sierpie\u0144 up\u0142yn\u0105\u0142\u00a0 w przedszkolu przy\u00a0 2 grupach\u00a0 i 30 dzieci.\u00a0 Dzisiejszego dnia mieli\u015bmy\u00a0 w plac\u00f3wce 101 wychowank\u00f3w i szczerze!\u00a0 \u00a0 Nie by\u0142o s\u0142ycha\u0107 na korytarzach\u00a0 p\u0142aczu i rozpaczy, wszystkie dzieci,\u00a0 tak\u017ce maluszki bardzo dzielnie znios\u0142y rozstanie, do czego\u00a0\u00a0 bardzo przyczyni\u0142a si\u0119 pa\u0144stwa postawa i\u00a0 w\u0142a\u015bciwe nastawienie dzieci, dzi\u0119kuj\u0119 bardzo! <\/span><\/em><\/p>\n<p><em><span style=\"color: #800000\">W najbli\u017cszych dniach postaramy si\u0119 zorganizowa\u0107 spotkania, na kt\u00f3re zaprosimy Pa\u0144stwa\/ jedna doros\u0142a osoba z rodziny &#8211;\u00a0 bez dzieci\/ by nie\u00a0 przekracza\u0107 procedur. Informacj\u0119 o spotkaniach znajdziecie Pa\u0144stwo w zak\u0142adkach grup i na aktualno\u015bciach.\u00a0<\/span><\/em><\/p>\n<p><em><span style=\"font-size: 14pt;color: #008000\">Zgodnie z wcze\u015bniejszymi informacjami i obowi\u0105zuj\u0105cymi procedurami,\u00a0 prosz\u0119 nie przynosi\u0107 do przedszkola wyprawki, szczoteczki i pasty do z\u0119b\u00f3w oraz\u00a0 r\u0119cznik\u00f3w. Wszystkie potrzebne informacje,\u00a0 co i kiedy nale\u017cy przynie\u015b\u0107,\u00a0 przeka\u017cemy na spotkaniach.\u00a0 <\/span><\/em><\/p>\n<p><span style=\"color: #003366\"><em><strong><span style=\"font-size: 14pt\"><span style=\"font-size: 12pt\">Dzisiaj sprawdzili\u015bcie si\u0119 Pa\u0144stwo, brawo!\u00a0 Ale jeszcze\u00a0 raz gor\u0105ca pro\u015bba, dzieci przyjmowane s\u0105 w godzinach <span style=\"color: #ff0000\">6.30-8.30<\/span> po tym czasie, nie mog\u0119 przyj\u0105\u0107 dzieci,\u00a0 prosz\u0119 pami\u0119ta\u0107 o wszystkich obostrzeniach i nie t\u0142oczy\u0107 si\u0119 na schodach i korytarzu\u00a0 przed drzwiami domofonowymi,\u00a0\u00a0 w\u00f3wczas trudno zachowa\u0107 wymagany dystans.\u00a0 Prosz\u0119 i jednocze\u015bnie dzi\u0119kuj\u0119 &#8211;\u00a0 rozwaga, rozs\u0105dek i zrozumienie. Pozdrawiam serdecznie.\u00a0\u00a0 Dyrektor plac\u00f3wki Lidia Walczak-I\u017cycka \u00a0 <\/span><\/span><\/strong><\/em><\/span><\/p>\n","protected":false},"excerpt":{"rendered":"<p>Witam wszystkich rodzic\u00f3w i wychowank\u00f3w naszej plac\u00f3wki.\u00a0 Dzi\u0119kuj\u0119 za pierwszy, trudny dla wszystkich dzie\u0144.\u00a0 Lipiec i sierpie\u0144 up\u0142yn\u0105\u0142\u00a0 w przedszkolu przy\u00a0 2 grupach\u00a0 i 30 dzieci.\u00a0 Dzisiejszego dnia mieli\u015bmy\u00a0 w [&hellip;]<\/p>\n","protected":false},"author":115,"featured_media":940,"comment_status":"closed","ping_status":"closed","sticky":false,"template":"","format":"standard","meta":{"ngg_post_thumbnail":0,"footnotes":""},"categories":[3],"tags":[],"class_list":["post-2281","post","type-post","status-publish","format-standard","has-post-thumbnail","hentry","category-aktualnosci","clearfix"],"_links":{"self":[{"href":"https:\/\/przedszkole18.edu.wroclaw.pl\/index.php\/wp-json\/wp\/v2\/posts\/2281","targetHints":{"allow":["GET"]}}],"collection":[{"href":"https:\/\/przedszkole18.edu.wroclaw.pl\/index.php\/wp-json\/wp\/v2\/posts"}],"about":[{"href":"https:\/\/przedszkole18.edu.wroclaw.pl\/index.php\/wp-json\/wp\/v2\/types\/post"}],"author":[{"embeddable":true,"href":"https:\/\/przedszkole18.edu.wroclaw.pl\/index.php\/wp-json\/wp\/v2\/users\/115"}],"replies":[{"embeddable":true,"href":"https:\/\/przedszkole18.edu.wroclaw.pl\/index.php\/wp-json\/wp\/v2\/comments?post=2281"}],"version-history":[{"count":1,"href":"https:\/\/przedszkole18.edu.wroclaw.pl\/index.php\/wp-json\/wp\/v2\/posts\/2281\/revisions"}],"predecessor-version":[{"id":2282,"href":"https:\/\/przedszkole18.edu.wroclaw.pl\/index.php\/wp-json\/wp\/v2\/posts\/2281\/revisions\/2282"}],"wp:featuredmedia":[{"embeddable":true,"href":"https:\/\/przedszkole18.edu.wroclaw.pl\/index.php\/wp-json\/wp\/v2\/media\/940"}],"wp:attachment":[{"href":"https:\/\/przedszkole18.edu.wroclaw.pl\/index.php\/wp-json\/wp\/v2\/media?parent=2281"}],"wp:term":[{"taxonomy":"category","embeddable":true,"href":"https:\/\/przedszkole18.edu.wroclaw.pl\/index.php\/wp-json\/wp\/v2\/categories?post=2281"},{"taxonomy":"post_tag","embeddable":true,"href":"https:\/\/przedszkole18.edu.wroclaw.pl\/index.php\/wp-json\/wp\/v2\/tags?post=2281"}],"curies":[{"name":"wp","href":"https:\/\/api.w.org\/{rel}","templated":true}]}}