
{"id":2283,"date":"2020-09-02T18:27:31","date_gmt":"2020-09-02T16:27:31","guid":{"rendered":"https:\/\/przedszkole18.edu.wroclaw.pl\/?p=2283"},"modified":"2020-09-02T18:27:31","modified_gmt":"2020-09-02T16:27:31","slug":"liga-ochrony-przyrody","status":"publish","type":"post","link":"https:\/\/przedszkole18.edu.wroclaw.pl\/index.php\/2020\/09\/02\/liga-ochrony-przyrody\/","title":{"rendered":"Liga Ochrony Przyrody"},"content":{"rendered":"<p><img loading=\"lazy\" decoding=\"async\" class=\"alignnone size-full wp-image-2284\" src=\"https:\/\/przedszkole18.edu.wroclaw.pl\/wp-content\/uploads\/sites\/36\/2020\/09\/1488289401_ikona_lop31-e1509185617753.jpg\" alt=\"\" width=\"800\" height=\"548\" srcset=\"https:\/\/przedszkole18.edu.wroclaw.pl\/wp-content\/uploads\/sites\/36\/2020\/09\/1488289401_ikona_lop31-e1509185617753.jpg 800w, https:\/\/przedszkole18.edu.wroclaw.pl\/wp-content\/uploads\/sites\/36\/2020\/09\/1488289401_ikona_lop31-e1509185617753-300x206.jpg 300w, https:\/\/przedszkole18.edu.wroclaw.pl\/wp-content\/uploads\/sites\/36\/2020\/09\/1488289401_ikona_lop31-e1509185617753-768x526.jpg 768w, https:\/\/przedszkole18.edu.wroclaw.pl\/wp-content\/uploads\/sites\/36\/2020\/09\/1488289401_ikona_lop31-e1509185617753-600x411.jpg 600w, https:\/\/przedszkole18.edu.wroclaw.pl\/wp-content\/uploads\/sites\/36\/2020\/09\/1488289401_ikona_lop31-e1509185617753-624x427.jpg 624w\" sizes=\"auto, (max-width: 800px) 100vw, 800px\" \/><\/p>\n<p style=\"text-align: center\"><span style=\"font-family: comic sans ms, sans-serif\"><strong><span style=\"color: #008000;font-size: 24pt\">Ju\u017c od ponad 20 lat w zakresie edukacji przyrodniczej i proekologicznej nasze Przedszkole wsp\u00f3\u0142pracuje z Lig\u0105 Ochrony Przyrody.<\/span><\/strong><\/span><\/p>\n<p style=\"text-align: center\">\n<p style=\"text-align: center\"><span style=\"font-family: comic sans ms, sans-serif\"><strong><span style=\"color: #008000;font-size: 24pt\">Aby nadal korzysta\u0107 z oferty warsztatowej LOP w roku szkolnym 2020\/2021 nale\u017cy wykupi\u0107 legitymacj\u0119 &#8211; koszt legitymacji LOP 5 z\u0142 od dziecka.<\/span><\/strong><\/span><\/p>\n<p style=\"text-align: center\">\n<p style=\"text-align: center\"><span style=\"font-family: comic sans ms, sans-serif\"><strong><span style=\"color: #008000;font-size: 24pt\">Pieni\u0105dze nale\u017cy wp\u0142aci\u0107 nauczycielkom na zebraniach organizacyjnych w ka\u017cdej grupie.<\/span><\/strong><\/span><\/p>\n<p style=\"text-align: center\">\n<p style=\"text-align: center\"><span style=\"font-family: comic sans ms, sans-serif\"><strong><span style=\"color: #008000;font-size: 24pt\">Opiekunem przedszkolnego ko\u0142a LOP jest Pani Dorota Margan &#8211; zapraszamy do \u015bledzenia aktualno\u015bci na tablicy LOP w przedszkolu w holu dolnym.<\/span><\/strong><\/span><\/p>\n","protected":false},"excerpt":{"rendered":"<p>Ju\u017c od ponad 20 lat w zakresie edukacji przyrodniczej i proekologicznej nasze Przedszkole wsp\u00f3\u0142pracuje z Lig\u0105 Ochrony Przyrody. Aby nadal korzysta\u0107 z oferty warsztatowej LOP w roku szkolnym 2020\/2021 nale\u017cy [&hellip;]<\/p>\n","protected":false},"author":102,"featured_media":2284,"comment_status":"closed","ping_status":"closed","sticky":false,"template":"","format":"standard","meta":{"ngg_post_thumbnail":0,"footnotes":""},"categories":[3],"tags":[],"class_list":["post-2283","post","type-post","status-publish","format-standard","has-post-thumbnail","hentry","category-aktualnosci","clearfix"],"_links":{"self":[{"href":"https:\/\/przedszkole18.edu.wroclaw.pl\/index.php\/wp-json\/wp\/v2\/posts\/2283","targetHints":{"allow":["GET"]}}],"collection":[{"href":"https:\/\/przedszkole18.edu.wroclaw.pl\/index.php\/wp-json\/wp\/v2\/posts"}],"about":[{"href":"https:\/\/przedszkole18.edu.wroclaw.pl\/index.php\/wp-json\/wp\/v2\/types\/post"}],"author":[{"embeddable":true,"href":"https:\/\/przedszkole18.edu.wroclaw.pl\/index.php\/wp-json\/wp\/v2\/users\/102"}],"replies":[{"embeddable":true,"href":"https:\/\/przedszkole18.edu.wroclaw.pl\/index.php\/wp-json\/wp\/v2\/comments?post=2283"}],"version-history":[{"count":1,"href":"https:\/\/przedszkole18.edu.wroclaw.pl\/index.php\/wp-json\/wp\/v2\/posts\/2283\/revisions"}],"predecessor-version":[{"id":2285,"href":"https:\/\/przedszkole18.edu.wroclaw.pl\/index.php\/wp-json\/wp\/v2\/posts\/2283\/revisions\/2285"}],"wp:featuredmedia":[{"embeddable":true,"href":"https:\/\/przedszkole18.edu.wroclaw.pl\/index.php\/wp-json\/wp\/v2\/media\/2284"}],"wp:attachment":[{"href":"https:\/\/przedszkole18.edu.wroclaw.pl\/index.php\/wp-json\/wp\/v2\/media?parent=2283"}],"wp:term":[{"taxonomy":"category","embeddable":true,"href":"https:\/\/przedszkole18.edu.wroclaw.pl\/index.php\/wp-json\/wp\/v2\/categories?post=2283"},{"taxonomy":"post_tag","embeddable":true,"href":"https:\/\/przedszkole18.edu.wroclaw.pl\/index.php\/wp-json\/wp\/v2\/tags?post=2283"}],"curies":[{"name":"wp","href":"https:\/\/api.w.org\/{rel}","templated":true}]}}