
{"id":2287,"date":"2020-09-05T12:19:46","date_gmt":"2020-09-05T10:19:46","guid":{"rendered":"https:\/\/przedszkole18.edu.wroclaw.pl\/?p=2287"},"modified":"2020-09-05T12:19:46","modified_gmt":"2020-09-05T10:19:46","slug":"ubezpieczenie-nnw","status":"publish","type":"post","link":"https:\/\/przedszkole18.edu.wroclaw.pl\/index.php\/2020\/09\/05\/ubezpieczenie-nnw\/","title":{"rendered":"Ubezpieczenie &#8211; NNW"},"content":{"rendered":"<p><em><strong><span style=\"color: #008000\">Propozycja ubezpieczenia Nast\u0119pstw Nieszcz\u0119\u015bliwych Wypadk\u00f3w NNW na rok szkolny 2020\/2021<\/span> <\/strong><\/em><\/p>\n<p><em><strong><span style=\"color: #000080\">Ubezpieczenie dzia\u0142a od 01.09.2020 do 31.08.2021 roku,\u00a0 jest to ubezpieczenie dobrowolne,\u00a0 dzia\u0142aj\u0105ce 24 godziny na dob\u0119,\u00a0 na ca\u0142ym \u015bwiecie.<\/span><\/strong><\/em><\/p>\n<p><em><strong><span style=\"color: #000080\"> Zainteresowanych prosz\u0119 o zapoznanie si\u0119 z ofert\u0105.\u00a0 Pozdrawiam i \u017cycz\u0119 du\u017co zdrowia.<\/span> <\/strong><\/em><\/p>\n<p><img loading=\"lazy\" decoding=\"async\" class=\"alignnone size-medium wp-image-2290\" src=\"https:\/\/przedszkole18.edu.wroclaw.pl\/wp-content\/uploads\/sites\/36\/2020\/09\/Program-ub.-1-292x300.jpg\" alt=\"\" width=\"292\" height=\"300\" \/><img loading=\"lazy\" decoding=\"async\" class=\"alignnone size-medium wp-image-2289\" src=\"https:\/\/przedszkole18.edu.wroclaw.pl\/wp-content\/uploads\/sites\/36\/2020\/09\/Program-ub.-2-295x300.jpg\" alt=\"\" width=\"295\" height=\"300\" \/><\/p>\n<p>&nbsp;<\/p>\n","protected":false},"excerpt":{"rendered":"<p>Propozycja ubezpieczenia Nast\u0119pstw Nieszcz\u0119\u015bliwych Wypadk\u00f3w NNW na rok szkolny 2020\/2021 Ubezpieczenie dzia\u0142a od 01.09.2020 do 31.08.2021 roku,\u00a0 jest to ubezpieczenie dobrowolne,\u00a0 dzia\u0142aj\u0105ce 24 godziny na dob\u0119,\u00a0 na ca\u0142ym \u015bwiecie. Zainteresowanych [&hellip;]<\/p>\n","protected":false},"author":115,"featured_media":1859,"comment_status":"closed","ping_status":"closed","sticky":false,"template":"","format":"standard","meta":{"ngg_post_thumbnail":0,"footnotes":""},"categories":[3],"tags":[],"class_list":["post-2287","post","type-post","status-publish","format-standard","has-post-thumbnail","hentry","category-aktualnosci","clearfix"],"_links":{"self":[{"href":"https:\/\/przedszkole18.edu.wroclaw.pl\/index.php\/wp-json\/wp\/v2\/posts\/2287","targetHints":{"allow":["GET"]}}],"collection":[{"href":"https:\/\/przedszkole18.edu.wroclaw.pl\/index.php\/wp-json\/wp\/v2\/posts"}],"about":[{"href":"https:\/\/przedszkole18.edu.wroclaw.pl\/index.php\/wp-json\/wp\/v2\/types\/post"}],"author":[{"embeddable":true,"href":"https:\/\/przedszkole18.edu.wroclaw.pl\/index.php\/wp-json\/wp\/v2\/users\/115"}],"replies":[{"embeddable":true,"href":"https:\/\/przedszkole18.edu.wroclaw.pl\/index.php\/wp-json\/wp\/v2\/comments?post=2287"}],"version-history":[{"count":1,"href":"https:\/\/przedszkole18.edu.wroclaw.pl\/index.php\/wp-json\/wp\/v2\/posts\/2287\/revisions"}],"predecessor-version":[{"id":2292,"href":"https:\/\/przedszkole18.edu.wroclaw.pl\/index.php\/wp-json\/wp\/v2\/posts\/2287\/revisions\/2292"}],"wp:featuredmedia":[{"embeddable":true,"href":"https:\/\/przedszkole18.edu.wroclaw.pl\/index.php\/wp-json\/wp\/v2\/media\/1859"}],"wp:attachment":[{"href":"https:\/\/przedszkole18.edu.wroclaw.pl\/index.php\/wp-json\/wp\/v2\/media?parent=2287"}],"wp:term":[{"taxonomy":"category","embeddable":true,"href":"https:\/\/przedszkole18.edu.wroclaw.pl\/index.php\/wp-json\/wp\/v2\/categories?post=2287"},{"taxonomy":"post_tag","embeddable":true,"href":"https:\/\/przedszkole18.edu.wroclaw.pl\/index.php\/wp-json\/wp\/v2\/tags?post=2287"}],"curies":[{"name":"wp","href":"https:\/\/api.w.org\/{rel}","templated":true}]}}