
{"id":2293,"date":"2020-09-06T19:44:23","date_gmt":"2020-09-06T17:44:23","guid":{"rendered":"https:\/\/przedszkole18.edu.wroclaw.pl\/?p=2293"},"modified":"2020-09-06T20:02:45","modified_gmt":"2020-09-06T18:02:45","slug":"zebranie-organizacyjne-grupa-iva","status":"publish","type":"post","link":"https:\/\/przedszkole18.edu.wroclaw.pl\/index.php\/2020\/09\/06\/zebranie-organizacyjne-grupa-iva\/","title":{"rendered":"Zebranie organizacyjne grupa IVa"},"content":{"rendered":"<p><img loading=\"lazy\" decoding=\"async\" class=\"alignnone size-full wp-image-2294\" src=\"https:\/\/przedszkole18.edu.wroclaw.pl\/wp-content\/uploads\/sites\/36\/2020\/09\/od-asi.jpg\" alt=\"\" width=\"800\" height=\"554\" srcset=\"https:\/\/przedszkole18.edu.wroclaw.pl\/wp-content\/uploads\/sites\/36\/2020\/09\/od-asi.jpg 800w, https:\/\/przedszkole18.edu.wroclaw.pl\/wp-content\/uploads\/sites\/36\/2020\/09\/od-asi-300x208.jpg 300w, https:\/\/przedszkole18.edu.wroclaw.pl\/wp-content\/uploads\/sites\/36\/2020\/09\/od-asi-768x532.jpg 768w, https:\/\/przedszkole18.edu.wroclaw.pl\/wp-content\/uploads\/sites\/36\/2020\/09\/od-asi-600x416.jpg 600w, https:\/\/przedszkole18.edu.wroclaw.pl\/wp-content\/uploads\/sites\/36\/2020\/09\/od-asi-624x432.jpg 624w\" sizes=\"auto, (max-width: 800px) 100vw, 800px\" \/><\/p>\n<p style=\"text-align: center\"><span style=\"font-size: 24pt;color: #000000\">Szanowni Pa\u0144stwo, <\/span><\/p>\n<p><span style=\"font-size: 24pt;color: #000000\"><span style=\"color: #ff0000\"><strong>10 wrze\u015bnia 2020r.<\/strong><\/span> o godz. <span style=\"color: #ff0000\"><strong>16.00 <\/strong><\/span>serdecznie zapraszamy na zebranie organizacyjne w grupie <strong><span style=\"color: #ff0000\">IV a<\/span>, <\/strong>otwieraj\u0105ce nowy rok szkolny. Zebranie odb\u0119dzie si\u0119 w sali grupy IV a. Prosimy pami\u0119ta\u0107 o zabraniu ze sob\u0105 maseczek oraz zachowaniu dystansu.<\/span><\/p>\n<p>&nbsp;<\/p>\n<p><span style=\"font-size: 24pt;color: #000000\">ZEBRANIE ODB\u0118DZIE SI\u0118 BEZ UDZIA\u0141U DZIECI.<\/span><\/p>\n<p><span style=\"font-size: 24pt;color: #000000\">Liczymy na pa\u0144stwa obecno\u015b\u0107.<\/span><\/p>\n<p><span style=\"font-size: 24pt;color: #000000\">Nauczycielki z grupy IV a<\/span><\/p>\n","protected":false},"excerpt":{"rendered":"<p>Szanowni Pa\u0144stwo, 10 wrze\u015bnia 2020r. o godz. 16.00 serdecznie zapraszamy na zebranie organizacyjne w grupie IV a, otwieraj\u0105ce nowy rok szkolny. Zebranie odb\u0119dzie si\u0119 w sali grupy IV a. Prosimy [&hellip;]<\/p>\n","protected":false},"author":102,"featured_media":2294,"comment_status":"closed","ping_status":"closed","sticky":false,"template":"","format":"standard","meta":{"ngg_post_thumbnail":0,"footnotes":""},"categories":[3],"tags":[],"class_list":["post-2293","post","type-post","status-publish","format-standard","has-post-thumbnail","hentry","category-aktualnosci","clearfix"],"_links":{"self":[{"href":"https:\/\/przedszkole18.edu.wroclaw.pl\/index.php\/wp-json\/wp\/v2\/posts\/2293","targetHints":{"allow":["GET"]}}],"collection":[{"href":"https:\/\/przedszkole18.edu.wroclaw.pl\/index.php\/wp-json\/wp\/v2\/posts"}],"about":[{"href":"https:\/\/przedszkole18.edu.wroclaw.pl\/index.php\/wp-json\/wp\/v2\/types\/post"}],"author":[{"embeddable":true,"href":"https:\/\/przedszkole18.edu.wroclaw.pl\/index.php\/wp-json\/wp\/v2\/users\/102"}],"replies":[{"embeddable":true,"href":"https:\/\/przedszkole18.edu.wroclaw.pl\/index.php\/wp-json\/wp\/v2\/comments?post=2293"}],"version-history":[{"count":1,"href":"https:\/\/przedszkole18.edu.wroclaw.pl\/index.php\/wp-json\/wp\/v2\/posts\/2293\/revisions"}],"predecessor-version":[{"id":2295,"href":"https:\/\/przedszkole18.edu.wroclaw.pl\/index.php\/wp-json\/wp\/v2\/posts\/2293\/revisions\/2295"}],"wp:featuredmedia":[{"embeddable":true,"href":"https:\/\/przedszkole18.edu.wroclaw.pl\/index.php\/wp-json\/wp\/v2\/media\/2294"}],"wp:attachment":[{"href":"https:\/\/przedszkole18.edu.wroclaw.pl\/index.php\/wp-json\/wp\/v2\/media?parent=2293"}],"wp:term":[{"taxonomy":"category","embeddable":true,"href":"https:\/\/przedszkole18.edu.wroclaw.pl\/index.php\/wp-json\/wp\/v2\/categories?post=2293"},{"taxonomy":"post_tag","embeddable":true,"href":"https:\/\/przedszkole18.edu.wroclaw.pl\/index.php\/wp-json\/wp\/v2\/tags?post=2293"}],"curies":[{"name":"wp","href":"https:\/\/api.w.org\/{rel}","templated":true}]}}