
{"id":2313,"date":"2020-09-06T21:36:59","date_gmt":"2020-09-06T19:36:59","guid":{"rendered":"https:\/\/przedszkole18.edu.wroclaw.pl\/?p=2313"},"modified":"2020-09-06T21:36:59","modified_gmt":"2020-09-06T19:36:59","slug":"zebranie-organizacyjne-grupa-iii-a","status":"publish","type":"post","link":"https:\/\/przedszkole18.edu.wroclaw.pl\/index.php\/2020\/09\/06\/zebranie-organizacyjne-grupa-iii-a\/","title":{"rendered":"ZEBRANIE ORGANIZACYJNE GRUPA III A"},"content":{"rendered":"<p><span style=\"color: #000000\"><strong><span style=\"font-size: 36pt\"><span style=\"color: #ff0000\">We wtorek<\/span> <span style=\"color: #ff0000\">8 wrze\u015bnia o godz. 16.30<\/span> odb\u0119dzie si\u0119 zebranie organizacyjne dla rodzic\u00f3w dzieci z grupy <span style=\"color: #ff0000\">III A.<\/span><\/span><\/strong><\/span><\/p>\n<p><span style=\"color: #008000;font-size: 24pt\"><strong>Miejsce spotkania: sala grupy III A (I pi\u0119tro).<\/strong><\/span><\/p>\n<p><span style=\"color: #008000;font-size: 24pt\"><strong>Zebranie odb\u0119dzie si\u0119 bez udzia\u0142u dzieci.<\/strong><\/span><\/p>\n<p><span style=\"color: #008000;font-size: 24pt\"><strong>Prosimy Rodzic\u00f3w o zaopatrzenie si\u0119 w maseczki.<\/strong><\/span><\/p>\n<p><strong><span style=\"font-size: 24pt;color: #000000\">Nauczycielki grupy III A<\/span><\/strong><\/p>\n<p><strong><span style=\"font-size: 24pt;color: #000000\">Pani Jola, Pani Ela i Pani Ania<\/span><\/strong><\/p>\n","protected":false},"excerpt":{"rendered":"<p>We wtorek 8 wrze\u015bnia o godz. 16.30 odb\u0119dzie si\u0119 zebranie organizacyjne dla rodzic\u00f3w dzieci z grupy III A. Miejsce spotkania: sala grupy III A (I pi\u0119tro). Zebranie odb\u0119dzie si\u0119 bez [&hellip;]<\/p>\n","protected":false},"author":108,"featured_media":2309,"comment_status":"closed","ping_status":"closed","sticky":false,"template":"","format":"standard","meta":{"ngg_post_thumbnail":0,"footnotes":""},"categories":[3],"tags":[],"class_list":["post-2313","post","type-post","status-publish","format-standard","has-post-thumbnail","hentry","category-aktualnosci","clearfix"],"_links":{"self":[{"href":"https:\/\/przedszkole18.edu.wroclaw.pl\/index.php\/wp-json\/wp\/v2\/posts\/2313","targetHints":{"allow":["GET"]}}],"collection":[{"href":"https:\/\/przedszkole18.edu.wroclaw.pl\/index.php\/wp-json\/wp\/v2\/posts"}],"about":[{"href":"https:\/\/przedszkole18.edu.wroclaw.pl\/index.php\/wp-json\/wp\/v2\/types\/post"}],"author":[{"embeddable":true,"href":"https:\/\/przedszkole18.edu.wroclaw.pl\/index.php\/wp-json\/wp\/v2\/users\/108"}],"replies":[{"embeddable":true,"href":"https:\/\/przedszkole18.edu.wroclaw.pl\/index.php\/wp-json\/wp\/v2\/comments?post=2313"}],"version-history":[{"count":1,"href":"https:\/\/przedszkole18.edu.wroclaw.pl\/index.php\/wp-json\/wp\/v2\/posts\/2313\/revisions"}],"predecessor-version":[{"id":2314,"href":"https:\/\/przedszkole18.edu.wroclaw.pl\/index.php\/wp-json\/wp\/v2\/posts\/2313\/revisions\/2314"}],"wp:featuredmedia":[{"embeddable":true,"href":"https:\/\/przedszkole18.edu.wroclaw.pl\/index.php\/wp-json\/wp\/v2\/media\/2309"}],"wp:attachment":[{"href":"https:\/\/przedszkole18.edu.wroclaw.pl\/index.php\/wp-json\/wp\/v2\/media?parent=2313"}],"wp:term":[{"taxonomy":"category","embeddable":true,"href":"https:\/\/przedszkole18.edu.wroclaw.pl\/index.php\/wp-json\/wp\/v2\/categories?post=2313"},{"taxonomy":"post_tag","embeddable":true,"href":"https:\/\/przedszkole18.edu.wroclaw.pl\/index.php\/wp-json\/wp\/v2\/tags?post=2313"}],"curies":[{"name":"wp","href":"https:\/\/api.w.org\/{rel}","templated":true}]}}