
{"id":2315,"date":"2020-09-06T21:49:57","date_gmt":"2020-09-06T19:49:57","guid":{"rendered":"https:\/\/przedszkole18.edu.wroclaw.pl\/?p=2315"},"modified":"2020-09-06T21:49:57","modified_gmt":"2020-09-06T19:49:57","slug":"zebranie-organizacyjne-grupa-ii","status":"publish","type":"post","link":"https:\/\/przedszkole18.edu.wroclaw.pl\/index.php\/2020\/09\/06\/zebranie-organizacyjne-grupa-ii\/","title":{"rendered":"Zebranie organizacyjne grupa II"},"content":{"rendered":"<p><span style=\"font-size: 36pt;color: #ff0000\">W \u015brod\u0119 9 wrze\u015bnia o godz. 16.00 odb\u0119dzie si\u0119 <span style=\"color: #008000\"><span style=\"color: #ff0000\">zebranie organizacyjne dla rodzic\u00f3w dzieci z grupy II .<\/span> <\/span><\/span><\/p>\n<p><strong><span style=\"font-size: 24pt;color: #008000\">Miejsce zebrania: sala grupy II<\/span><\/strong><\/p>\n<p><strong><span style=\"font-size: 24pt;color: #008000\">Prosimy rodzic\u00f3w o zaopatrzenie si\u0119 w maseczki.<\/span><\/strong><\/p>\n<p><strong><span style=\"font-size: 24pt;color: #008000\">Zebranie odb\u0119dzie si\u0119 bez udzia\u0142u dzieci.<\/span><\/strong><\/p>\n<p><span style=\"color: #000080\"><strong><span style=\"font-size: 24pt\">Nauczycielki grupy II<\/span><\/strong><\/span><\/p>\n<p><span style=\"color: #000080\"><strong><span style=\"font-size: 24pt\">Pani Dorotka i Pani Renia<\/span><\/strong><\/span><\/p>\n","protected":false},"excerpt":{"rendered":"<p>W \u015brod\u0119 9 wrze\u015bnia o godz. 16.00 odb\u0119dzie si\u0119 zebranie organizacyjne dla rodzic\u00f3w dzieci z grupy II . Miejsce zebrania: sala grupy II Prosimy rodzic\u00f3w o zaopatrzenie si\u0119 w maseczki. [&hellip;]<\/p>\n","protected":false},"author":108,"featured_media":2308,"comment_status":"closed","ping_status":"closed","sticky":false,"template":"","format":"standard","meta":{"ngg_post_thumbnail":0,"footnotes":""},"categories":[3],"tags":[],"class_list":["post-2315","post","type-post","status-publish","format-standard","has-post-thumbnail","hentry","category-aktualnosci","clearfix"],"_links":{"self":[{"href":"https:\/\/przedszkole18.edu.wroclaw.pl\/index.php\/wp-json\/wp\/v2\/posts\/2315","targetHints":{"allow":["GET"]}}],"collection":[{"href":"https:\/\/przedszkole18.edu.wroclaw.pl\/index.php\/wp-json\/wp\/v2\/posts"}],"about":[{"href":"https:\/\/przedszkole18.edu.wroclaw.pl\/index.php\/wp-json\/wp\/v2\/types\/post"}],"author":[{"embeddable":true,"href":"https:\/\/przedszkole18.edu.wroclaw.pl\/index.php\/wp-json\/wp\/v2\/users\/108"}],"replies":[{"embeddable":true,"href":"https:\/\/przedszkole18.edu.wroclaw.pl\/index.php\/wp-json\/wp\/v2\/comments?post=2315"}],"version-history":[{"count":1,"href":"https:\/\/przedszkole18.edu.wroclaw.pl\/index.php\/wp-json\/wp\/v2\/posts\/2315\/revisions"}],"predecessor-version":[{"id":2316,"href":"https:\/\/przedszkole18.edu.wroclaw.pl\/index.php\/wp-json\/wp\/v2\/posts\/2315\/revisions\/2316"}],"wp:featuredmedia":[{"embeddable":true,"href":"https:\/\/przedszkole18.edu.wroclaw.pl\/index.php\/wp-json\/wp\/v2\/media\/2308"}],"wp:attachment":[{"href":"https:\/\/przedszkole18.edu.wroclaw.pl\/index.php\/wp-json\/wp\/v2\/media?parent=2315"}],"wp:term":[{"taxonomy":"category","embeddable":true,"href":"https:\/\/przedszkole18.edu.wroclaw.pl\/index.php\/wp-json\/wp\/v2\/categories?post=2315"},{"taxonomy":"post_tag","embeddable":true,"href":"https:\/\/przedszkole18.edu.wroclaw.pl\/index.php\/wp-json\/wp\/v2\/tags?post=2315"}],"curies":[{"name":"wp","href":"https:\/\/api.w.org\/{rel}","templated":true}]}}