
{"id":2320,"date":"2020-09-07T21:57:49","date_gmt":"2020-09-07T19:57:49","guid":{"rendered":"https:\/\/przedszkole18.edu.wroclaw.pl\/?p=2320"},"modified":"2020-09-07T21:57:49","modified_gmt":"2020-09-07T19:57:49","slug":"zebranie-organizacyjne-w-grupie-iii","status":"publish","type":"post","link":"https:\/\/przedszkole18.edu.wroclaw.pl\/index.php\/2020\/09\/07\/zebranie-organizacyjne-w-grupie-iii\/","title":{"rendered":"ZEBRANIE ORGANIZACYJNE W GRUPIE III"},"content":{"rendered":"<p><strong><span style=\"font-size: 36pt;color: #ff0000\"><span style=\"color: #000000\">ZEBRANIE ORGANIZACYJNE DLA RODZIC\u00d3W DZIECI Z GRUPY III ODB\u0118DZIE SI\u0118 <\/span>14. 09.\u00a0 (PONIEDZIA\u0141EK) O GODZ. 16.00.<\/span><\/strong><\/p>\n<p><strong><span style=\"color: #008000;font-size: 36pt\">Prosimy rodzic\u00f3w o zaopatrzenie si\u0119 w maseczki i zachowanie dystansu<\/span><\/strong><\/p>\n<p><strong><span style=\"color: #008000;font-size: 36pt\">Miejsce zebrania: Sala grupy III<\/span><\/strong><\/p>\n<p><span style=\"color: #0000ff\"><strong><span style=\"font-size: 24pt\">SERDECZNIE ZAPRASZAMY<\/span><\/strong><\/span><\/p>\n<p><span style=\"color: #0000ff\"><strong><span style=\"font-size: 24pt\">NAUCZYCIELKI Z GRUPY III<\/span><\/strong><\/span><\/p>\n<p>&nbsp;<\/p>\n","protected":false},"excerpt":{"rendered":"<p>ZEBRANIE ORGANIZACYJNE DLA RODZIC\u00d3W DZIECI Z GRUPY III ODB\u0118DZIE SI\u0118 14. 09.\u00a0 (PONIEDZIA\u0141EK) O GODZ. 16.00. Prosimy rodzic\u00f3w o zaopatrzenie si\u0119 w maseczki i zachowanie dystansu Miejsce zebrania: Sala grupy [&hellip;]<\/p>\n","protected":false},"author":108,"featured_media":629,"comment_status":"closed","ping_status":"closed","sticky":false,"template":"","format":"standard","meta":{"ngg_post_thumbnail":0,"footnotes":""},"categories":[3],"tags":[],"class_list":["post-2320","post","type-post","status-publish","format-standard","has-post-thumbnail","hentry","category-aktualnosci","clearfix"],"_links":{"self":[{"href":"https:\/\/przedszkole18.edu.wroclaw.pl\/index.php\/wp-json\/wp\/v2\/posts\/2320","targetHints":{"allow":["GET"]}}],"collection":[{"href":"https:\/\/przedszkole18.edu.wroclaw.pl\/index.php\/wp-json\/wp\/v2\/posts"}],"about":[{"href":"https:\/\/przedszkole18.edu.wroclaw.pl\/index.php\/wp-json\/wp\/v2\/types\/post"}],"author":[{"embeddable":true,"href":"https:\/\/przedszkole18.edu.wroclaw.pl\/index.php\/wp-json\/wp\/v2\/users\/108"}],"replies":[{"embeddable":true,"href":"https:\/\/przedszkole18.edu.wroclaw.pl\/index.php\/wp-json\/wp\/v2\/comments?post=2320"}],"version-history":[{"count":1,"href":"https:\/\/przedszkole18.edu.wroclaw.pl\/index.php\/wp-json\/wp\/v2\/posts\/2320\/revisions"}],"predecessor-version":[{"id":2321,"href":"https:\/\/przedszkole18.edu.wroclaw.pl\/index.php\/wp-json\/wp\/v2\/posts\/2320\/revisions\/2321"}],"wp:featuredmedia":[{"embeddable":true,"href":"https:\/\/przedszkole18.edu.wroclaw.pl\/index.php\/wp-json\/wp\/v2\/media\/629"}],"wp:attachment":[{"href":"https:\/\/przedszkole18.edu.wroclaw.pl\/index.php\/wp-json\/wp\/v2\/media?parent=2320"}],"wp:term":[{"taxonomy":"category","embeddable":true,"href":"https:\/\/przedszkole18.edu.wroclaw.pl\/index.php\/wp-json\/wp\/v2\/categories?post=2320"},{"taxonomy":"post_tag","embeddable":true,"href":"https:\/\/przedszkole18.edu.wroclaw.pl\/index.php\/wp-json\/wp\/v2\/tags?post=2320"}],"curies":[{"name":"wp","href":"https:\/\/api.w.org\/{rel}","templated":true}]}}