
{"id":2328,"date":"2020-09-08T15:32:19","date_gmt":"2020-09-08T13:32:19","guid":{"rendered":"https:\/\/przedszkole18.edu.wroclaw.pl\/?p=2328"},"modified":"2020-09-08T15:32:19","modified_gmt":"2020-09-08T13:32:19","slug":"grupa-iv-zebranie-organizacyjne","status":"publish","type":"post","link":"https:\/\/przedszkole18.edu.wroclaw.pl\/index.php\/2020\/09\/08\/grupa-iv-zebranie-organizacyjne\/","title":{"rendered":"Grupa IV zebranie organizacyjne"},"content":{"rendered":"<p>&nbsp;<\/p>\n<p data-normal-size=\"18\"><span style=\"color: #800080;font-size: 24pt\"><strong>Szanowni Pa\u0144stwo,<\/strong><\/span><\/p>\n<p data-normal-size=\"18\"><span style=\"color: #800080;font-size: 24pt\"><strong>w czwartek 17 wrze\u015bnia o godz. 16.00 odb\u0119dzie si\u0119 zebranie organizacyjne dla rodzic\u00f3w dzieci z grupy IV.<\/strong><\/span><\/p>\n<p style=\"padding-left: 40px\" data-normal-size=\"18\"><span style=\"color: #800080;font-size: 24pt\"><strong>Miejsce spotkania: sala grupy IV (I pi\u0119tro).<\/strong><\/span><\/p>\n<p data-normal-size=\"18\"><span style=\"color: #800080;font-size: 24pt\"><strong>Zebranie odb\u0119dzie si\u0119 bez udzia\u0142u dzieci.<\/strong><\/span><\/p>\n<p data-normal-size=\"18\"><span style=\"font-size: 24pt\"><strong><span style=\"color: #800080\">Prosimy Rodzic\u00f3w o zaopatrzenie si\u0119 w maseczki<\/span>.<\/strong><\/span><\/p>\n<p data-normal-size=\"18\">\n<p data-normal-size=\"18\"><span style=\"font-size: 24pt\">Prosimy r\u00f3wnie\u017c rodzic\u00f3w dzieci kt\u00f3re dosz\u0142y do naszej grupy (poza tymi kt\u00f3rzy ju\u017c do nas pisali) o wiadomo\u015b\u0107 e mail na adres:<\/span><\/p>\n<p data-normal-size=\"18\"><span style=\"font-size: 24pt\"><strong><span style=\"color: #ff0000\">paniklaudiawiolinek@gmail.com<\/span><\/strong><\/span><\/p>\n<p data-normal-size=\"18\"><span style=\"font-size: 24pt\">Potwierdzenie maili ma na celu \u0142atwiejszy przep\u0142yw aktualnych informacji.<\/span><\/p>\n<p data-normal-size=\"18\"><span style=\"font-size: 24pt\">Prosimy r\u00f3wnie\u017c \u015bledzi\u0107 stron\u0119 internetow\u0105.<\/span><\/p>\n<p data-normal-size=\"18\">\n<p data-normal-size=\"18\"><span style=\"color: #800080;font-size: 24pt\"><strong>Pozdrawiamy,<\/strong><\/span><\/p>\n<p data-normal-size=\"18\"><span style=\"color: #800080;font-size: 24pt\"><strong>Nauczycielki grupy IV<\/strong><\/span><\/p>\n<p data-normal-size=\"18\"><span style=\"color: #800080;font-size: 24pt\"><strong>Pani Klaudia i Pani Iwonka<\/strong><\/span><\/p>\n<p data-normal-size=\"18\">\n","protected":false},"excerpt":{"rendered":"<p>&nbsp; Szanowni Pa\u0144stwo, w czwartek 17 wrze\u015bnia o godz. 16.00 odb\u0119dzie si\u0119 zebranie organizacyjne dla rodzic\u00f3w dzieci z grupy IV. Miejsce spotkania: sala grupy IV (I pi\u0119tro). Zebranie odb\u0119dzie si\u0119 [&hellip;]<\/p>\n","protected":false},"author":102,"featured_media":839,"comment_status":"closed","ping_status":"closed","sticky":false,"template":"","format":"standard","meta":{"ngg_post_thumbnail":0,"footnotes":""},"categories":[3],"tags":[],"class_list":["post-2328","post","type-post","status-publish","format-standard","has-post-thumbnail","hentry","category-aktualnosci","clearfix"],"_links":{"self":[{"href":"https:\/\/przedszkole18.edu.wroclaw.pl\/index.php\/wp-json\/wp\/v2\/posts\/2328","targetHints":{"allow":["GET"]}}],"collection":[{"href":"https:\/\/przedszkole18.edu.wroclaw.pl\/index.php\/wp-json\/wp\/v2\/posts"}],"about":[{"href":"https:\/\/przedszkole18.edu.wroclaw.pl\/index.php\/wp-json\/wp\/v2\/types\/post"}],"author":[{"embeddable":true,"href":"https:\/\/przedszkole18.edu.wroclaw.pl\/index.php\/wp-json\/wp\/v2\/users\/102"}],"replies":[{"embeddable":true,"href":"https:\/\/przedszkole18.edu.wroclaw.pl\/index.php\/wp-json\/wp\/v2\/comments?post=2328"}],"version-history":[{"count":1,"href":"https:\/\/przedszkole18.edu.wroclaw.pl\/index.php\/wp-json\/wp\/v2\/posts\/2328\/revisions"}],"predecessor-version":[{"id":2329,"href":"https:\/\/przedszkole18.edu.wroclaw.pl\/index.php\/wp-json\/wp\/v2\/posts\/2328\/revisions\/2329"}],"wp:featuredmedia":[{"embeddable":true,"href":"https:\/\/przedszkole18.edu.wroclaw.pl\/index.php\/wp-json\/wp\/v2\/media\/839"}],"wp:attachment":[{"href":"https:\/\/przedszkole18.edu.wroclaw.pl\/index.php\/wp-json\/wp\/v2\/media?parent=2328"}],"wp:term":[{"taxonomy":"category","embeddable":true,"href":"https:\/\/przedszkole18.edu.wroclaw.pl\/index.php\/wp-json\/wp\/v2\/categories?post=2328"},{"taxonomy":"post_tag","embeddable":true,"href":"https:\/\/przedszkole18.edu.wroclaw.pl\/index.php\/wp-json\/wp\/v2\/tags?post=2328"}],"curies":[{"name":"wp","href":"https:\/\/api.w.org\/{rel}","templated":true}]}}