
{"id":2330,"date":"2020-09-08T22:10:40","date_gmt":"2020-09-08T20:10:40","guid":{"rendered":"https:\/\/przedszkole18.edu.wroclaw.pl\/?p=2330"},"modified":"2020-09-08T22:10:40","modified_gmt":"2020-09-08T20:10:40","slug":"ubezpieczenie","status":"publish","type":"post","link":"https:\/\/przedszkole18.edu.wroclaw.pl\/index.php\/2020\/09\/08\/ubezpieczenie\/","title":{"rendered":"UBEZPIECZENIE"},"content":{"rendered":"<p><strong><span style=\"color: #000000;font-size: 18pt\">Rodzice, kt\u00f3rzy zdecyduj\u0105 si\u0119 skorzysta\u0107 z polisy ubezpieczeniowej zaproponowanej w przedszkolu b\u0119d\u0105 mogli zap\u0142aci\u0107 sk\u0142adk\u0119 na ubezpieczenie (wybrany wariant) w II po\u0142owie<\/span><\/strong><span style=\"color: #000000;font-size: 18pt\"> wrze\u015bnia,<\/span><strong><span style=\"color: #000000;font-size: 18pt\"> w dw\u00f3ch wyznaczonych terminach. Dok\u0142adne terminy zbi\u00f3rki pieni\u0119dzy zostan\u0105 podane w odr\u0119bnym komunikacie.<\/span><\/strong><\/p>\n","protected":false},"excerpt":{"rendered":"<p>Rodzice, kt\u00f3rzy zdecyduj\u0105 si\u0119 skorzysta\u0107 z polisy ubezpieczeniowej zaproponowanej w przedszkolu b\u0119d\u0105 mogli zap\u0142aci\u0107 sk\u0142adk\u0119 na ubezpieczenie (wybrany wariant) w II po\u0142owie wrze\u015bnia, w dw\u00f3ch wyznaczonych terminach. Dok\u0142adne terminy zbi\u00f3rki [&hellip;]<\/p>\n","protected":false},"author":108,"featured_media":478,"comment_status":"closed","ping_status":"closed","sticky":false,"template":"","format":"standard","meta":{"ngg_post_thumbnail":0,"footnotes":""},"categories":[3],"tags":[],"class_list":["post-2330","post","type-post","status-publish","format-standard","has-post-thumbnail","hentry","category-aktualnosci","clearfix"],"_links":{"self":[{"href":"https:\/\/przedszkole18.edu.wroclaw.pl\/index.php\/wp-json\/wp\/v2\/posts\/2330","targetHints":{"allow":["GET"]}}],"collection":[{"href":"https:\/\/przedszkole18.edu.wroclaw.pl\/index.php\/wp-json\/wp\/v2\/posts"}],"about":[{"href":"https:\/\/przedszkole18.edu.wroclaw.pl\/index.php\/wp-json\/wp\/v2\/types\/post"}],"author":[{"embeddable":true,"href":"https:\/\/przedszkole18.edu.wroclaw.pl\/index.php\/wp-json\/wp\/v2\/users\/108"}],"replies":[{"embeddable":true,"href":"https:\/\/przedszkole18.edu.wroclaw.pl\/index.php\/wp-json\/wp\/v2\/comments?post=2330"}],"version-history":[{"count":1,"href":"https:\/\/przedszkole18.edu.wroclaw.pl\/index.php\/wp-json\/wp\/v2\/posts\/2330\/revisions"}],"predecessor-version":[{"id":2331,"href":"https:\/\/przedszkole18.edu.wroclaw.pl\/index.php\/wp-json\/wp\/v2\/posts\/2330\/revisions\/2331"}],"wp:featuredmedia":[{"embeddable":true,"href":"https:\/\/przedszkole18.edu.wroclaw.pl\/index.php\/wp-json\/wp\/v2\/media\/478"}],"wp:attachment":[{"href":"https:\/\/przedszkole18.edu.wroclaw.pl\/index.php\/wp-json\/wp\/v2\/media?parent=2330"}],"wp:term":[{"taxonomy":"category","embeddable":true,"href":"https:\/\/przedszkole18.edu.wroclaw.pl\/index.php\/wp-json\/wp\/v2\/categories?post=2330"},{"taxonomy":"post_tag","embeddable":true,"href":"https:\/\/przedszkole18.edu.wroclaw.pl\/index.php\/wp-json\/wp\/v2\/tags?post=2330"}],"curies":[{"name":"wp","href":"https:\/\/api.w.org\/{rel}","templated":true}]}}