
{"id":2335,"date":"2020-09-14T18:37:16","date_gmt":"2020-09-14T16:37:16","guid":{"rendered":"https:\/\/przedszkole18.edu.wroclaw.pl\/?p=2335"},"modified":"2020-09-14T18:41:12","modified_gmt":"2020-09-14T16:41:12","slug":"trening-umiejetnosci-spolecznych-da-dzieci","status":"publish","type":"post","link":"https:\/\/przedszkole18.edu.wroclaw.pl\/index.php\/2020\/09\/14\/trening-umiejetnosci-spolecznych-da-dzieci\/","title":{"rendered":"TRENING UMIEJ\u0118TNO\u015aCI SPO\u0141ECZNYCH DA DZIECI"},"content":{"rendered":"<p><span style=\"color: #ff0000\"><strong><span style=\"font-size: 24pt\">DRODZY RODZICE<\/span><\/strong><\/span><\/p>\n<p><strong><span style=\"font-size: 18pt;color: #000080\">Zach\u0119camy do zapoznania si\u0119 z ofert\u0105 <\/span><\/strong><b><span style=\"font-size: 18pt;color: #000080\">Consilia Centrum Psychoterapii i Szkole\u0144 prowadz\u0105cej zaj\u0119cia z <a style=\"color: #000080\" href=\"https:\/\/psychoterapia.plus\/trening-umiejetnosci-spolecznych\/\"> Treningu Umiej\u0119tno\u015bci Spo\u0142ecznych<\/a> dla dzieci w wieku przedszkolnym.<\/span><br \/>\n<\/b><\/p>\n<p>&nbsp;<\/p>\n<p><a href=\"https:\/\/psychoterapia.plus\/trening-umiejetnosci-spolecznych\/\">https:\/\/psychoterapia.plus\/trening-umiejetnosci-spolecznych\/<\/a><\/p>\n<p>&nbsp;<\/p>\n<p>&nbsp;<\/p>\n","protected":false},"excerpt":{"rendered":"<p>DRODZY RODZICE Zach\u0119camy do zapoznania si\u0119 z ofert\u0105 Consilia Centrum Psychoterapii i Szkole\u0144 prowadz\u0105cej zaj\u0119cia z Treningu Umiej\u0119tno\u015bci Spo\u0142ecznych dla dzieci w wieku przedszkolnym. &nbsp; https:\/\/psychoterapia.plus\/trening-umiejetnosci-spolecznych\/ &nbsp; &nbsp;<\/p>\n","protected":false},"author":108,"featured_media":1916,"comment_status":"closed","ping_status":"closed","sticky":false,"template":"","format":"standard","meta":{"ngg_post_thumbnail":0,"footnotes":""},"categories":[3],"tags":[],"class_list":["post-2335","post","type-post","status-publish","format-standard","has-post-thumbnail","hentry","category-aktualnosci","clearfix"],"_links":{"self":[{"href":"https:\/\/przedszkole18.edu.wroclaw.pl\/index.php\/wp-json\/wp\/v2\/posts\/2335","targetHints":{"allow":["GET"]}}],"collection":[{"href":"https:\/\/przedszkole18.edu.wroclaw.pl\/index.php\/wp-json\/wp\/v2\/posts"}],"about":[{"href":"https:\/\/przedszkole18.edu.wroclaw.pl\/index.php\/wp-json\/wp\/v2\/types\/post"}],"author":[{"embeddable":true,"href":"https:\/\/przedszkole18.edu.wroclaw.pl\/index.php\/wp-json\/wp\/v2\/users\/108"}],"replies":[{"embeddable":true,"href":"https:\/\/przedszkole18.edu.wroclaw.pl\/index.php\/wp-json\/wp\/v2\/comments?post=2335"}],"version-history":[{"count":3,"href":"https:\/\/przedszkole18.edu.wroclaw.pl\/index.php\/wp-json\/wp\/v2\/posts\/2335\/revisions"}],"predecessor-version":[{"id":2339,"href":"https:\/\/przedszkole18.edu.wroclaw.pl\/index.php\/wp-json\/wp\/v2\/posts\/2335\/revisions\/2339"}],"wp:featuredmedia":[{"embeddable":true,"href":"https:\/\/przedszkole18.edu.wroclaw.pl\/index.php\/wp-json\/wp\/v2\/media\/1916"}],"wp:attachment":[{"href":"https:\/\/przedszkole18.edu.wroclaw.pl\/index.php\/wp-json\/wp\/v2\/media?parent=2335"}],"wp:term":[{"taxonomy":"category","embeddable":true,"href":"https:\/\/przedszkole18.edu.wroclaw.pl\/index.php\/wp-json\/wp\/v2\/categories?post=2335"},{"taxonomy":"post_tag","embeddable":true,"href":"https:\/\/przedszkole18.edu.wroclaw.pl\/index.php\/wp-json\/wp\/v2\/tags?post=2335"}],"curies":[{"name":"wp","href":"https:\/\/api.w.org\/{rel}","templated":true}]}}