
{"id":2363,"date":"2020-09-20T21:24:08","date_gmt":"2020-09-20T19:24:08","guid":{"rendered":"https:\/\/przedszkole18.edu.wroclaw.pl\/?p=2363"},"modified":"2020-09-20T21:26:29","modified_gmt":"2020-09-20T19:26:29","slug":"rada-rodzicow-2","status":"publish","type":"post","link":"https:\/\/przedszkole18.edu.wroclaw.pl\/index.php\/2020\/09\/20\/rada-rodzicow-2\/","title":{"rendered":"RADA RODZIC\u00d3W"},"content":{"rendered":"<p><span style=\"color: #000080\"><strong><span style=\"font-size: 24pt\">Rada Rodzic\u00f3w zaprasza na spotkanie &#8222;tr\u00f3jki&#8221; grupowe <\/span><\/strong><\/span><\/p>\n<p><span style=\"color: #000080\"><strong><span style=\"font-size: 24pt\">w dniu <span style=\"color: #ff0000\">23. 09. 2020 (\u015broda) o godz. 16.00<\/span><\/span><\/strong><\/span><\/p>\n","protected":false},"excerpt":{"rendered":"<p>Rada Rodzic\u00f3w zaprasza na spotkanie &#8222;tr\u00f3jki&#8221; grupowe w dniu 23. 09. 2020 (\u015broda) o godz. 16.00<\/p>\n","protected":false},"author":108,"featured_media":839,"comment_status":"closed","ping_status":"closed","sticky":false,"template":"","format":"standard","meta":{"ngg_post_thumbnail":0,"footnotes":""},"categories":[3,1],"tags":[],"class_list":["post-2363","post","type-post","status-publish","format-standard","has-post-thumbnail","hentry","category-aktualnosci","category-bez-kategorii","clearfix"],"_links":{"self":[{"href":"https:\/\/przedszkole18.edu.wroclaw.pl\/index.php\/wp-json\/wp\/v2\/posts\/2363","targetHints":{"allow":["GET"]}}],"collection":[{"href":"https:\/\/przedszkole18.edu.wroclaw.pl\/index.php\/wp-json\/wp\/v2\/posts"}],"about":[{"href":"https:\/\/przedszkole18.edu.wroclaw.pl\/index.php\/wp-json\/wp\/v2\/types\/post"}],"author":[{"embeddable":true,"href":"https:\/\/przedszkole18.edu.wroclaw.pl\/index.php\/wp-json\/wp\/v2\/users\/108"}],"replies":[{"embeddable":true,"href":"https:\/\/przedszkole18.edu.wroclaw.pl\/index.php\/wp-json\/wp\/v2\/comments?post=2363"}],"version-history":[{"count":1,"href":"https:\/\/przedszkole18.edu.wroclaw.pl\/index.php\/wp-json\/wp\/v2\/posts\/2363\/revisions"}],"predecessor-version":[{"id":2364,"href":"https:\/\/przedszkole18.edu.wroclaw.pl\/index.php\/wp-json\/wp\/v2\/posts\/2363\/revisions\/2364"}],"wp:featuredmedia":[{"embeddable":true,"href":"https:\/\/przedszkole18.edu.wroclaw.pl\/index.php\/wp-json\/wp\/v2\/media\/839"}],"wp:attachment":[{"href":"https:\/\/przedszkole18.edu.wroclaw.pl\/index.php\/wp-json\/wp\/v2\/media?parent=2363"}],"wp:term":[{"taxonomy":"category","embeddable":true,"href":"https:\/\/przedszkole18.edu.wroclaw.pl\/index.php\/wp-json\/wp\/v2\/categories?post=2363"},{"taxonomy":"post_tag","embeddable":true,"href":"https:\/\/przedszkole18.edu.wroclaw.pl\/index.php\/wp-json\/wp\/v2\/tags?post=2363"}],"curies":[{"name":"wp","href":"https:\/\/api.w.org\/{rel}","templated":true}]}}