
{"id":2387,"date":"2020-09-22T18:36:30","date_gmt":"2020-09-22T16:36:30","guid":{"rendered":"https:\/\/przedszkole18.edu.wroclaw.pl\/?p=2387"},"modified":"2020-09-22T18:36:30","modified_gmt":"2020-09-22T16:36:30","slug":"rodzice-zainteresowani-ubezpieczeniem-grupowym-nnw","status":"publish","type":"post","link":"https:\/\/przedszkole18.edu.wroclaw.pl\/index.php\/2020\/09\/22\/rodzice-zainteresowani-ubezpieczeniem-grupowym-nnw\/","title":{"rendered":"Rodzice zainteresowani ubezpieczeniem grupowym NNW"},"content":{"rendered":"<p>Wszystkich rodzic\u00f3w, zainteresowanych obj\u0119ciem dziecka proponowanym przez przedszkole ubezpieczeniem NNW w bie\u017c\u0105cym roku szkolnym, informuj\u0119 \u017ce w dnia 24 wrze\u015bnia \/czwartek\/ b\u0119d\u0119 na Pa\u0144stwa czeka\u0107 w przestrzeni wsp\u00f3lnej godzina 7.00-8.30 i\u00a0 15.00 -17.00 ,\u00a0 aby nie tworzy\u0107 t\u0142oku, \u00a0 prosz\u0119 przygotowa\u0107 nr\u00a0 pesel dziecka, d\u0142ugopis \u00a0 i wyliczon\u0105 kwot\u0119 wskazan\u0105 w wariancie.\u00a0 Zapraszam. Dyrektor plac\u00f3wki Lidia Walczak-I\u017cycka<\/p>\n","protected":false},"excerpt":{"rendered":"<p>Wszystkich rodzic\u00f3w, zainteresowanych obj\u0119ciem dziecka proponowanym przez przedszkole ubezpieczeniem NNW w bie\u017c\u0105cym roku szkolnym, informuj\u0119 \u017ce w dnia 24 wrze\u015bnia \/czwartek\/ b\u0119d\u0119 na Pa\u0144stwa czeka\u0107 w przestrzeni wsp\u00f3lnej godzina 7.00-8.30 [&hellip;]<\/p>\n","protected":false},"author":115,"featured_media":2055,"comment_status":"closed","ping_status":"closed","sticky":false,"template":"","format":"standard","meta":{"ngg_post_thumbnail":0,"footnotes":""},"categories":[3],"tags":[],"class_list":["post-2387","post","type-post","status-publish","format-standard","has-post-thumbnail","hentry","category-aktualnosci","clearfix"],"_links":{"self":[{"href":"https:\/\/przedszkole18.edu.wroclaw.pl\/index.php\/wp-json\/wp\/v2\/posts\/2387","targetHints":{"allow":["GET"]}}],"collection":[{"href":"https:\/\/przedszkole18.edu.wroclaw.pl\/index.php\/wp-json\/wp\/v2\/posts"}],"about":[{"href":"https:\/\/przedszkole18.edu.wroclaw.pl\/index.php\/wp-json\/wp\/v2\/types\/post"}],"author":[{"embeddable":true,"href":"https:\/\/przedszkole18.edu.wroclaw.pl\/index.php\/wp-json\/wp\/v2\/users\/115"}],"replies":[{"embeddable":true,"href":"https:\/\/przedszkole18.edu.wroclaw.pl\/index.php\/wp-json\/wp\/v2\/comments?post=2387"}],"version-history":[{"count":1,"href":"https:\/\/przedszkole18.edu.wroclaw.pl\/index.php\/wp-json\/wp\/v2\/posts\/2387\/revisions"}],"predecessor-version":[{"id":2388,"href":"https:\/\/przedszkole18.edu.wroclaw.pl\/index.php\/wp-json\/wp\/v2\/posts\/2387\/revisions\/2388"}],"wp:featuredmedia":[{"embeddable":true,"href":"https:\/\/przedszkole18.edu.wroclaw.pl\/index.php\/wp-json\/wp\/v2\/media\/2055"}],"wp:attachment":[{"href":"https:\/\/przedszkole18.edu.wroclaw.pl\/index.php\/wp-json\/wp\/v2\/media?parent=2387"}],"wp:term":[{"taxonomy":"category","embeddable":true,"href":"https:\/\/przedszkole18.edu.wroclaw.pl\/index.php\/wp-json\/wp\/v2\/categories?post=2387"},{"taxonomy":"post_tag","embeddable":true,"href":"https:\/\/przedszkole18.edu.wroclaw.pl\/index.php\/wp-json\/wp\/v2\/tags?post=2387"}],"curies":[{"name":"wp","href":"https:\/\/api.w.org\/{rel}","templated":true}]}}