
{"id":2422,"date":"2020-09-27T22:15:53","date_gmt":"2020-09-27T20:15:53","guid":{"rendered":"https:\/\/przedszkole18.edu.wroclaw.pl\/?p=2422"},"modified":"2020-09-27T22:20:56","modified_gmt":"2020-09-27T20:20:56","slug":"spotkanie-z-rodzicami","status":"publish","type":"post","link":"https:\/\/przedszkole18.edu.wroclaw.pl\/index.php\/2020\/09\/27\/spotkanie-z-rodzicami\/","title":{"rendered":"Spotkanie z Rodzicami"},"content":{"rendered":"<p>Zapraszamy rodzic\u00f3w dzieci ROZPOCZYNAJ\u0104CYCH i kontynuuj\u0105cych nauk\u0119 gry na instrumencie w przedszkolu<br \/>\nw bie\u017c\u0105cym roku szkolnym, na spotkanie organizacyjne, kt\u00f3re odb\u0119dzie si\u0119 w <strong>CZWARTEK, ) 01.10.2020 r.<\/strong> o godzinie 1<strong>6.30<\/strong>, w sali grupy III a.<\/p>\n<p>Prosimy pami\u0119ta\u0107 o obowi\u0105zku zakrywania ust i nosa podczas przebywania na terenie plac\u00f3wki.<\/p>\n<p style=\"text-align: right\">Nauczyciele muzyki<\/p>\n","protected":false},"excerpt":{"rendered":"<p>Zapraszamy rodzic\u00f3w dzieci ROZPOCZYNAJ\u0104CYCH i kontynuuj\u0105cych nauk\u0119 gry na instrumencie w przedszkolu w bie\u017c\u0105cym roku szkolnym, na spotkanie organizacyjne, kt\u00f3re odb\u0119dzie si\u0119 w CZWARTEK, ) 01.10.2020 r. o godzinie 16.30, [&hellip;]<\/p>\n","protected":false},"author":105,"featured_media":2411,"comment_status":"closed","ping_status":"closed","sticky":false,"template":"","format":"standard","meta":{"ngg_post_thumbnail":0,"footnotes":""},"categories":[3],"tags":[],"class_list":["post-2422","post","type-post","status-publish","format-standard","has-post-thumbnail","hentry","category-aktualnosci","clearfix"],"_links":{"self":[{"href":"https:\/\/przedszkole18.edu.wroclaw.pl\/index.php\/wp-json\/wp\/v2\/posts\/2422","targetHints":{"allow":["GET"]}}],"collection":[{"href":"https:\/\/przedszkole18.edu.wroclaw.pl\/index.php\/wp-json\/wp\/v2\/posts"}],"about":[{"href":"https:\/\/przedszkole18.edu.wroclaw.pl\/index.php\/wp-json\/wp\/v2\/types\/post"}],"author":[{"embeddable":true,"href":"https:\/\/przedszkole18.edu.wroclaw.pl\/index.php\/wp-json\/wp\/v2\/users\/105"}],"replies":[{"embeddable":true,"href":"https:\/\/przedszkole18.edu.wroclaw.pl\/index.php\/wp-json\/wp\/v2\/comments?post=2422"}],"version-history":[{"count":1,"href":"https:\/\/przedszkole18.edu.wroclaw.pl\/index.php\/wp-json\/wp\/v2\/posts\/2422\/revisions"}],"predecessor-version":[{"id":2423,"href":"https:\/\/przedszkole18.edu.wroclaw.pl\/index.php\/wp-json\/wp\/v2\/posts\/2422\/revisions\/2423"}],"wp:featuredmedia":[{"embeddable":true,"href":"https:\/\/przedszkole18.edu.wroclaw.pl\/index.php\/wp-json\/wp\/v2\/media\/2411"}],"wp:attachment":[{"href":"https:\/\/przedszkole18.edu.wroclaw.pl\/index.php\/wp-json\/wp\/v2\/media?parent=2422"}],"wp:term":[{"taxonomy":"category","embeddable":true,"href":"https:\/\/przedszkole18.edu.wroclaw.pl\/index.php\/wp-json\/wp\/v2\/categories?post=2422"},{"taxonomy":"post_tag","embeddable":true,"href":"https:\/\/przedszkole18.edu.wroclaw.pl\/index.php\/wp-json\/wp\/v2\/tags?post=2422"}],"curies":[{"name":"wp","href":"https:\/\/api.w.org\/{rel}","templated":true}]}}