
{"id":2425,"date":"2020-09-28T21:11:04","date_gmt":"2020-09-28T19:11:04","guid":{"rendered":"https:\/\/przedszkole18.edu.wroclaw.pl\/?p=2425"},"modified":"2020-09-28T21:14:05","modified_gmt":"2020-09-28T19:14:05","slug":"adresy-e-mailowe","status":"publish","type":"post","link":"https:\/\/przedszkole18.edu.wroclaw.pl\/index.php\/2020\/09\/28\/adresy-e-mailowe\/","title":{"rendered":"Adresy e &#8211; mailowe"},"content":{"rendered":"<p><span style=\"color: #008000;font-size: 24pt\"><strong>Szanowni Pa\u0144stwo,<\/strong><\/span><\/p>\n<p><span style=\"color: #000000\"><strong><span style=\"font-size: 18pt\">W celu u\u0142atwienia kontaktu z nauczycielami zamieszczamy adresy e &#8211; mailowe poszczeg\u00f3lnych grup. \u00a0Jednocze\u015bnie informujemy, \u017ce istnieje mo\u017cliwo\u015b\u0107 konsultacji w plac\u00f3wce po wcze\u015bniejszym uzgodnieniu terminu z nauczycielem danej grupy.<\/span><\/strong><\/span><\/p>\n<ul>\n<li><span style=\"color: #000000\"><strong><span style=\"font-size: 18pt\">GRUPA I<\/span><\/strong><\/span> <span style=\"font-size: 18pt;color: #000080\"><strong>wiolinekgr1@gmail.com<\/strong><\/span><\/li>\n<li><span style=\"color: #000000\"><strong><span style=\"font-size: 18pt\">GRUPA II<\/span><\/strong><\/span> <span style=\"font-size: 18pt;color: #000080\"><strong>dor.re.wiolinek@gmail.com<\/strong><\/span><\/li>\n<li><span style=\"color: #000000\"><strong><span style=\"font-size: 18pt\">GRUPA <\/span><span style=\"font-size: 18pt\">I<\/span><span style=\"font-size: 18pt\">I<\/span><\/strong><\/span><strong><span style=\"font-size: 18pt;color: #000000\">I<\/span> <span style=\"font-size: 18pt;color: #000080\">ewa.p<\/span><span style=\"font-size: 18pt;color: #000080\"><strong>r<\/strong>zedszkole18@gmail.com<\/span><\/strong><\/li>\n<li><span style=\"color: #000000\"><strong><span style=\"font-size: 18pt\">GRUPA III A<\/span><\/strong><\/span> <strong><span style=\"color: #000080;font-size: 18pt\">jola.g.wiolinek@interia.pl<\/span><\/strong><\/li>\n<li><span style=\"color: #000000\"><strong><span style=\"font-size: 18pt\">GRUPA IV<\/span><\/strong><\/span><strong><span style=\"font-size: 18pt;color: #000080\"> p<\/span><span style=\"color: #000080;font-size: 18pt\"><strong>ani<\/strong>klaudiawiolinek@gmail.com<\/span><\/strong><\/li>\n<li><span style=\"color: #000000\"><strong><span style=\"font-size: 18pt\">GRUPA IV A<\/span><\/strong><\/span> <span style=\"color: #000080\"><strong><span style=\"font-size: 18pt\">wiolinek2020@gmail.com<\/span><\/strong><\/span><\/li>\n<\/ul>\n","protected":false},"excerpt":{"rendered":"<p>Szanowni Pa\u0144stwo, W celu u\u0142atwienia kontaktu z nauczycielami zamieszczamy adresy e &#8211; mailowe poszczeg\u00f3lnych grup. \u00a0Jednocze\u015bnie informujemy, \u017ce istnieje mo\u017cliwo\u015b\u0107 konsultacji w plac\u00f3wce po wcze\u015bniejszym uzgodnieniu terminu z nauczycielem danej [&hellip;]<\/p>\n","protected":false},"author":108,"featured_media":629,"comment_status":"closed","ping_status":"closed","sticky":false,"template":"","format":"standard","meta":{"ngg_post_thumbnail":0,"footnotes":""},"categories":[3],"tags":[],"class_list":["post-2425","post","type-post","status-publish","format-standard","has-post-thumbnail","hentry","category-aktualnosci","clearfix"],"_links":{"self":[{"href":"https:\/\/przedszkole18.edu.wroclaw.pl\/index.php\/wp-json\/wp\/v2\/posts\/2425","targetHints":{"allow":["GET"]}}],"collection":[{"href":"https:\/\/przedszkole18.edu.wroclaw.pl\/index.php\/wp-json\/wp\/v2\/posts"}],"about":[{"href":"https:\/\/przedszkole18.edu.wroclaw.pl\/index.php\/wp-json\/wp\/v2\/types\/post"}],"author":[{"embeddable":true,"href":"https:\/\/przedszkole18.edu.wroclaw.pl\/index.php\/wp-json\/wp\/v2\/users\/108"}],"replies":[{"embeddable":true,"href":"https:\/\/przedszkole18.edu.wroclaw.pl\/index.php\/wp-json\/wp\/v2\/comments?post=2425"}],"version-history":[{"count":2,"href":"https:\/\/przedszkole18.edu.wroclaw.pl\/index.php\/wp-json\/wp\/v2\/posts\/2425\/revisions"}],"predecessor-version":[{"id":2427,"href":"https:\/\/przedszkole18.edu.wroclaw.pl\/index.php\/wp-json\/wp\/v2\/posts\/2425\/revisions\/2427"}],"wp:featuredmedia":[{"embeddable":true,"href":"https:\/\/przedszkole18.edu.wroclaw.pl\/index.php\/wp-json\/wp\/v2\/media\/629"}],"wp:attachment":[{"href":"https:\/\/przedszkole18.edu.wroclaw.pl\/index.php\/wp-json\/wp\/v2\/media?parent=2425"}],"wp:term":[{"taxonomy":"category","embeddable":true,"href":"https:\/\/przedszkole18.edu.wroclaw.pl\/index.php\/wp-json\/wp\/v2\/categories?post=2425"},{"taxonomy":"post_tag","embeddable":true,"href":"https:\/\/przedszkole18.edu.wroclaw.pl\/index.php\/wp-json\/wp\/v2\/tags?post=2425"}],"curies":[{"name":"wp","href":"https:\/\/api.w.org\/{rel}","templated":true}]}}