
{"id":2441,"date":"2020-10-01T23:40:40","date_gmt":"2020-10-01T21:40:40","guid":{"rendered":"https:\/\/przedszkole18.edu.wroclaw.pl\/?p=2441"},"modified":"2020-10-01T23:42:54","modified_gmt":"2020-10-01T21:42:54","slug":"informacja-dla-rodzic","status":"publish","type":"post","link":"https:\/\/przedszkole18.edu.wroclaw.pl\/index.php\/2020\/10\/01\/informacja-dla-rodzic\/","title":{"rendered":"INFORMACJA DLA RODZIC\u00d3W"},"content":{"rendered":"<p style=\"text-align: left\"><strong><span style=\"font-size: 18pt;color: #000080\">Informujemy, \u017ce nasze Przedszkole\u00a0 uczestniczy w tegorocznej edycji Programu \u201eProfilaktyka pr\u00f3chnicy z\u0119b\u00f3w u dzieci w wieku przedszkolnym\u201d.\u00a0<\/span><\/strong><\/p>\n<p style=\"text-align: center\"><strong><span style=\"font-size: 18pt;color: #000080\"> W zwi\u0105zku z powy\u017cszym zapraszamy wszystkich rodzic\u00f3w na:<\/span><\/strong><\/p>\n<p style=\"text-align: center\"><span style=\"font-size: 18pt\"><strong><span style=\"color: #ff0000\">spotkanie ze Stomatologiem z Kliniki ARTIDENT,<\/span><\/strong><\/span><\/p>\n<p style=\"text-align: center\"><span style=\"font-size: 18pt\"><strong><span style=\"color: #ff0000\"> kt\u00f3re odb\u0119dzie si\u0119 w czwartek 15 pa\u017adziernika2020 r. o godz. 16:00.<\/span><\/strong><\/span><\/p>\n<p><strong><span style=\"font-size: 18pt;color: #000080\">P<strong>r<\/strong>zedsi\u0119wzi\u0119cie to ma s\u0142u\u017cy\u0107: kszta\u0142towaniu prawid\u0142owych nawyk\u00f3w \u017cywieniowych, nauce w\u0142a\u015bciwej higieny jamy ustnej i w konsekwencji zapobieganiu powstawania pr\u00f3chnicy w wieku dzieci\u0119cym. Program realizowany jest pod has\u0142em:\u201eDZIECI\u0143STWO BEZ PR\u00d3CHNICY\u201d<\/span><\/strong><\/p>\n","protected":false},"excerpt":{"rendered":"<p>Informujemy, \u017ce nasze Przedszkole\u00a0 uczestniczy w tegorocznej edycji Programu \u201eProfilaktyka pr\u00f3chnicy z\u0119b\u00f3w u dzieci w wieku przedszkolnym\u201d.\u00a0 W zwi\u0105zku z powy\u017cszym zapraszamy wszystkich rodzic\u00f3w na: spotkanie ze Stomatologiem z Kliniki [&hellip;]<\/p>\n","protected":false},"author":108,"featured_media":2442,"comment_status":"closed","ping_status":"closed","sticky":false,"template":"","format":"standard","meta":{"ngg_post_thumbnail":0,"footnotes":""},"categories":[3],"tags":[],"class_list":["post-2441","post","type-post","status-publish","format-standard","has-post-thumbnail","hentry","category-aktualnosci","clearfix"],"_links":{"self":[{"href":"https:\/\/przedszkole18.edu.wroclaw.pl\/index.php\/wp-json\/wp\/v2\/posts\/2441","targetHints":{"allow":["GET"]}}],"collection":[{"href":"https:\/\/przedszkole18.edu.wroclaw.pl\/index.php\/wp-json\/wp\/v2\/posts"}],"about":[{"href":"https:\/\/przedszkole18.edu.wroclaw.pl\/index.php\/wp-json\/wp\/v2\/types\/post"}],"author":[{"embeddable":true,"href":"https:\/\/przedszkole18.edu.wroclaw.pl\/index.php\/wp-json\/wp\/v2\/users\/108"}],"replies":[{"embeddable":true,"href":"https:\/\/przedszkole18.edu.wroclaw.pl\/index.php\/wp-json\/wp\/v2\/comments?post=2441"}],"version-history":[{"count":2,"href":"https:\/\/przedszkole18.edu.wroclaw.pl\/index.php\/wp-json\/wp\/v2\/posts\/2441\/revisions"}],"predecessor-version":[{"id":2444,"href":"https:\/\/przedszkole18.edu.wroclaw.pl\/index.php\/wp-json\/wp\/v2\/posts\/2441\/revisions\/2444"}],"wp:featuredmedia":[{"embeddable":true,"href":"https:\/\/przedszkole18.edu.wroclaw.pl\/index.php\/wp-json\/wp\/v2\/media\/2442"}],"wp:attachment":[{"href":"https:\/\/przedszkole18.edu.wroclaw.pl\/index.php\/wp-json\/wp\/v2\/media?parent=2441"}],"wp:term":[{"taxonomy":"category","embeddable":true,"href":"https:\/\/przedszkole18.edu.wroclaw.pl\/index.php\/wp-json\/wp\/v2\/categories?post=2441"},{"taxonomy":"post_tag","embeddable":true,"href":"https:\/\/przedszkole18.edu.wroclaw.pl\/index.php\/wp-json\/wp\/v2\/tags?post=2441"}],"curies":[{"name":"wp","href":"https:\/\/api.w.org\/{rel}","templated":true}]}}