
{"id":2447,"date":"2020-10-02T00:00:21","date_gmt":"2020-10-01T22:00:21","guid":{"rendered":"https:\/\/przedszkole18.edu.wroclaw.pl\/?p=2447"},"modified":"2020-10-02T00:03:45","modified_gmt":"2020-10-01T22:03:45","slug":"zajecia-sportowe-w-przedszkolu","status":"publish","type":"post","link":"https:\/\/przedszkole18.edu.wroclaw.pl\/index.php\/2020\/10\/02\/zajecia-sportowe-w-przedszkolu\/","title":{"rendered":"Zaj\u0119cia sportowe w przedszkolu"},"content":{"rendered":"<p><strong><span style=\"font-size: 18pt;color: #000000\">Szanowni Pa\u0144stwo,<\/span><\/strong><\/p>\n<p><strong><span style=\"font-size: 18pt;color: #000000\">Od listopada, wszystkie przedszkolaki, b\u0119d\u0105 bra\u0142y udzia\u0142,raz w tygodniu,\u00a0 w zaj\u0119ciach og\u00f3lnorozwojowych z elementami karate organizowanych przez Fundacj\u0119 Mali Wspaniali.<\/span><\/strong><\/p>\n<p><strong><span style=\"font-size: 18pt;color: #000000\">Rodzic\u00f3w prosimy o wype\u0142nienie\u00a0 poni\u017cej za\u0142\u0105czonej zgody na udzia\u0142 w zaj\u0119ciach i dostarczenie jej do plac\u00f3wki .<\/span><\/strong><\/p>\n<p><a href=\"https:\/\/przedszkole18.edu.wroclaw.pl\/wp-content\/uploads\/sites\/36\/2020\/10\/Zgoda-na-zajecia-MW-2020-21nowa.pdf\">Zgoda-na-zajecia-MW-2020-21nowa<\/a><\/p>\n","protected":false},"excerpt":{"rendered":"<p>Szanowni Pa\u0144stwo, Od listopada, wszystkie przedszkolaki, b\u0119d\u0105 bra\u0142y udzia\u0142,raz w tygodniu,\u00a0 w zaj\u0119ciach og\u00f3lnorozwojowych z elementami karate organizowanych przez Fundacj\u0119 Mali Wspaniali. Rodzic\u00f3w prosimy o wype\u0142nienie\u00a0 poni\u017cej za\u0142\u0105czonej zgody na [&hellip;]<\/p>\n","protected":false},"author":108,"featured_media":2448,"comment_status":"closed","ping_status":"closed","sticky":false,"template":"","format":"standard","meta":{"ngg_post_thumbnail":0,"footnotes":""},"categories":[3],"tags":[],"class_list":["post-2447","post","type-post","status-publish","format-standard","has-post-thumbnail","hentry","category-aktualnosci","clearfix"],"_links":{"self":[{"href":"https:\/\/przedszkole18.edu.wroclaw.pl\/index.php\/wp-json\/wp\/v2\/posts\/2447","targetHints":{"allow":["GET"]}}],"collection":[{"href":"https:\/\/przedszkole18.edu.wroclaw.pl\/index.php\/wp-json\/wp\/v2\/posts"}],"about":[{"href":"https:\/\/przedszkole18.edu.wroclaw.pl\/index.php\/wp-json\/wp\/v2\/types\/post"}],"author":[{"embeddable":true,"href":"https:\/\/przedszkole18.edu.wroclaw.pl\/index.php\/wp-json\/wp\/v2\/users\/108"}],"replies":[{"embeddable":true,"href":"https:\/\/przedszkole18.edu.wroclaw.pl\/index.php\/wp-json\/wp\/v2\/comments?post=2447"}],"version-history":[{"count":3,"href":"https:\/\/przedszkole18.edu.wroclaw.pl\/index.php\/wp-json\/wp\/v2\/posts\/2447\/revisions"}],"predecessor-version":[{"id":2451,"href":"https:\/\/przedszkole18.edu.wroclaw.pl\/index.php\/wp-json\/wp\/v2\/posts\/2447\/revisions\/2451"}],"wp:featuredmedia":[{"embeddable":true,"href":"https:\/\/przedszkole18.edu.wroclaw.pl\/index.php\/wp-json\/wp\/v2\/media\/2448"}],"wp:attachment":[{"href":"https:\/\/przedszkole18.edu.wroclaw.pl\/index.php\/wp-json\/wp\/v2\/media?parent=2447"}],"wp:term":[{"taxonomy":"category","embeddable":true,"href":"https:\/\/przedszkole18.edu.wroclaw.pl\/index.php\/wp-json\/wp\/v2\/categories?post=2447"},{"taxonomy":"post_tag","embeddable":true,"href":"https:\/\/przedszkole18.edu.wroclaw.pl\/index.php\/wp-json\/wp\/v2\/tags?post=2447"}],"curies":[{"name":"wp","href":"https:\/\/api.w.org\/{rel}","templated":true}]}}