
{"id":2473,"date":"2020-10-05T22:04:04","date_gmt":"2020-10-05T20:04:04","guid":{"rendered":"https:\/\/przedszkole18.edu.wroclaw.pl\/?p=2473"},"modified":"2020-10-05T22:05:37","modified_gmt":"2020-10-05T20:05:37","slug":"ankieta-dotyczaca-wakacyjnyc","status":"publish","type":"post","link":"https:\/\/przedszkole18.edu.wroclaw.pl\/index.php\/2020\/10\/05\/ankieta-dotyczaca-wakacyjnyc\/","title":{"rendered":"Ankieta dotycz\u0105ca miesi\u0119cy wakacyjnych"},"content":{"rendered":"<p><span style=\"color: #0000ff\"><strong><span style=\"font-size: 24pt\">Szanowni Pa\u0144stwo,<\/span><\/strong><\/span><\/p>\n<p><span style=\"color: #0000ff\"><span style=\"font-size: 24pt\"><span style=\"color: #0000ff;font-size: 24pt\"><b>Jak co roku w jednym z miesi\u0119cy wakacyjnych (lipiec lub sierpie\u0144) jest przerwa w <\/b><\/span><span style=\"color: #0000ff\"><span style=\"font-size: 32px\"><b>funkcjonowaniu<\/b><\/span><\/span><span style=\"color: #0000ff;font-size: 24pt\"><b>\u00a0plac\u00f3wki.<\/b><\/span><\/span><\/span><\/p>\n<p><span style=\"color: #ff9900\"><span style=\"font-size: 24pt\"><b>Poni\u017cej udost\u0119pniamy link do ankiety w kt\u00f3rej Pa\u0144stwo maj\u0105 mo\u017cliwo\u015b\u0107 wyboru miesi\u0105ca w kt\u00f3rym Pa\u0144stwo preferuj\u0105 przerw\u0119 wakacyjn\u0105<\/b><\/span><span style=\"font-size: 24pt\"><b style=\"color: #ff9900;font-size: 24pt\">.<\/b><\/span><\/span><\/p>\n<p><span style=\"font-size: 18pt\">(Ankieta zosta\u0142a stworzona przez kreator Google)<\/span><\/p>\n<p><span style=\"color: #0000ff\"><span style=\"font-size: 24pt\"><span style=\"color: #0000ff;font-size: 24pt\"><b>Z powodu sytuacji jaka aktualnie panuje nie mamy mo\u017cliwo\u015bci zrobi\u0107 referendum st\u0105d g\u0142osowanie internetowe. <\/b><\/span><\/span><\/span><\/p>\n<p><span style=\"color: #0000ff\"><span style=\"font-size: 24pt\"><span style=\"color: #0000ff;font-size: 24pt\"><b>Dotyczy to r\u00f3wnie\u017c rodzic\u00f3w 6cio latk\u00f3w.<\/b><\/span><\/span><\/span><\/p>\n<p>&nbsp;<\/p>\n<p>&nbsp;<\/p>\n<p><strong><span style=\"font-size: 36pt;color: #800000\">Link do ankiety:<\/span><\/strong><\/p>\n<p><span style=\"font-size: 36pt;color: #ff0000\"><a style=\"color: #ff0000\" href=\"https:\/\/forms.gle\/HxUQHgh7KAKubtNn8\">https:\/\/forms.gle\/HxUQHgh7KAKubtNn8<\/a><\/span><\/p>\n<p>&nbsp;<\/p>\n<p>&nbsp;<\/p>\n<p><span style=\"color: #0000ff;font-size: 24pt\">Ankieta b\u0119dzie dost\u0119pna do 8 pa\u017adziernika.<\/span><\/p>\n<p>&nbsp;<\/p>\n<p><img loading=\"lazy\" decoding=\"async\" class=\"alignnone size-full wp-image-2474 aligncenter\" src=\"https:\/\/przedszkole18.edu.wroclaw.pl\/wp-content\/uploads\/sites\/36\/2020\/10\/referendum.jpg\" alt=\"\" width=\"740\" height=\"493\" \/><\/p>\n","protected":false},"excerpt":{"rendered":"<p>Szanowni Pa\u0144stwo, Jak co roku w jednym z miesi\u0119cy wakacyjnych (lipiec lub sierpie\u0144) jest przerwa w funkcjonowaniu\u00a0plac\u00f3wki. Poni\u017cej udost\u0119pniamy link do ankiety w kt\u00f3rej Pa\u0144stwo maj\u0105 mo\u017cliwo\u015b\u0107 wyboru miesi\u0105ca w [&hellip;]<\/p>\n","protected":false},"author":102,"featured_media":1859,"comment_status":"closed","ping_status":"closed","sticky":false,"template":"","format":"standard","meta":{"ngg_post_thumbnail":0,"footnotes":""},"categories":[3],"tags":[],"class_list":["post-2473","post","type-post","status-publish","format-standard","has-post-thumbnail","hentry","category-aktualnosci","clearfix"],"_links":{"self":[{"href":"https:\/\/przedszkole18.edu.wroclaw.pl\/index.php\/wp-json\/wp\/v2\/posts\/2473","targetHints":{"allow":["GET"]}}],"collection":[{"href":"https:\/\/przedszkole18.edu.wroclaw.pl\/index.php\/wp-json\/wp\/v2\/posts"}],"about":[{"href":"https:\/\/przedszkole18.edu.wroclaw.pl\/index.php\/wp-json\/wp\/v2\/types\/post"}],"author":[{"embeddable":true,"href":"https:\/\/przedszkole18.edu.wroclaw.pl\/index.php\/wp-json\/wp\/v2\/users\/102"}],"replies":[{"embeddable":true,"href":"https:\/\/przedszkole18.edu.wroclaw.pl\/index.php\/wp-json\/wp\/v2\/comments?post=2473"}],"version-history":[{"count":3,"href":"https:\/\/przedszkole18.edu.wroclaw.pl\/index.php\/wp-json\/wp\/v2\/posts\/2473\/revisions"}],"predecessor-version":[{"id":2477,"href":"https:\/\/przedszkole18.edu.wroclaw.pl\/index.php\/wp-json\/wp\/v2\/posts\/2473\/revisions\/2477"}],"wp:featuredmedia":[{"embeddable":true,"href":"https:\/\/przedszkole18.edu.wroclaw.pl\/index.php\/wp-json\/wp\/v2\/media\/1859"}],"wp:attachment":[{"href":"https:\/\/przedszkole18.edu.wroclaw.pl\/index.php\/wp-json\/wp\/v2\/media?parent=2473"}],"wp:term":[{"taxonomy":"category","embeddable":true,"href":"https:\/\/przedszkole18.edu.wroclaw.pl\/index.php\/wp-json\/wp\/v2\/categories?post=2473"},{"taxonomy":"post_tag","embeddable":true,"href":"https:\/\/przedszkole18.edu.wroclaw.pl\/index.php\/wp-json\/wp\/v2\/tags?post=2473"}],"curies":[{"name":"wp","href":"https:\/\/api.w.org\/{rel}","templated":true}]}}