
{"id":2485,"date":"2020-10-12T14:48:53","date_gmt":"2020-10-12T12:48:53","guid":{"rendered":"https:\/\/przedszkole18.edu.wroclaw.pl\/?p=2485"},"modified":"2020-10-12T19:57:32","modified_gmt":"2020-10-12T17:57:32","slug":"2485","status":"publish","type":"post","link":"https:\/\/przedszkole18.edu.wroclaw.pl\/index.php\/2020\/10\/12\/2485\/","title":{"rendered":"RODZICE!"},"content":{"rendered":"<p>Szanowni Pa\u0144stwo w dniu dzisiejszym otrzyma\u0142am informacj\u0119 od rodzic\u00f3w naszych wychowank\u00f3w o pozytywnym wyniku testu na COVID &#8211;\u00a0 19. Zgodnie z obowi\u0105zuj\u0105cymi procedurami zosta\u0142 powiadomiony\u00a0 SANEPID\u00a0 i Departament Edukacji, w chwili obecnej nadal oczekujemy na stanowisko SANEPIDU. W zwi\u0105zku z zaistnia\u0142\u0105 sytuacja, prosz\u0119 o\u00a0 obserwowanie dzieci i siebie. W sytuacjach budz\u0105cych niepok\u00f3j prosz\u0119 o kontakt z dyrektorem plac\u00f3wki.\u00a0 Dzi\u0119kuj\u0119\u00a0 za wyrozumia\u0142o\u015b\u0107\u00a0 i rozs\u0105dek.\u00a0 \u017bycz\u0119 zdrowia. Lidia Walczak-I\u017cycka tel: 728 520 159<\/p>\n","protected":false},"excerpt":{"rendered":"<p>Szanowni Pa\u0144stwo w dniu dzisiejszym otrzyma\u0142am informacj\u0119 od rodzic\u00f3w naszych wychowank\u00f3w o pozytywnym wyniku testu na COVID &#8211;\u00a0 19. Zgodnie z obowi\u0105zuj\u0105cymi procedurami zosta\u0142 powiadomiony\u00a0 SANEPID\u00a0 i Departament Edukacji, w [&hellip;]<\/p>\n","protected":false},"author":115,"featured_media":1727,"comment_status":"closed","ping_status":"closed","sticky":false,"template":"","format":"standard","meta":{"ngg_post_thumbnail":0,"footnotes":""},"categories":[3],"tags":[],"class_list":["post-2485","post","type-post","status-publish","format-standard","has-post-thumbnail","hentry","category-aktualnosci","clearfix"],"_links":{"self":[{"href":"https:\/\/przedszkole18.edu.wroclaw.pl\/index.php\/wp-json\/wp\/v2\/posts\/2485","targetHints":{"allow":["GET"]}}],"collection":[{"href":"https:\/\/przedszkole18.edu.wroclaw.pl\/index.php\/wp-json\/wp\/v2\/posts"}],"about":[{"href":"https:\/\/przedszkole18.edu.wroclaw.pl\/index.php\/wp-json\/wp\/v2\/types\/post"}],"author":[{"embeddable":true,"href":"https:\/\/przedszkole18.edu.wroclaw.pl\/index.php\/wp-json\/wp\/v2\/users\/115"}],"replies":[{"embeddable":true,"href":"https:\/\/przedszkole18.edu.wroclaw.pl\/index.php\/wp-json\/wp\/v2\/comments?post=2485"}],"version-history":[{"count":2,"href":"https:\/\/przedszkole18.edu.wroclaw.pl\/index.php\/wp-json\/wp\/v2\/posts\/2485\/revisions"}],"predecessor-version":[{"id":2487,"href":"https:\/\/przedszkole18.edu.wroclaw.pl\/index.php\/wp-json\/wp\/v2\/posts\/2485\/revisions\/2487"}],"wp:featuredmedia":[{"embeddable":true,"href":"https:\/\/przedszkole18.edu.wroclaw.pl\/index.php\/wp-json\/wp\/v2\/media\/1727"}],"wp:attachment":[{"href":"https:\/\/przedszkole18.edu.wroclaw.pl\/index.php\/wp-json\/wp\/v2\/media?parent=2485"}],"wp:term":[{"taxonomy":"category","embeddable":true,"href":"https:\/\/przedszkole18.edu.wroclaw.pl\/index.php\/wp-json\/wp\/v2\/categories?post=2485"},{"taxonomy":"post_tag","embeddable":true,"href":"https:\/\/przedszkole18.edu.wroclaw.pl\/index.php\/wp-json\/wp\/v2\/tags?post=2485"}],"curies":[{"name":"wp","href":"https:\/\/api.w.org\/{rel}","templated":true}]}}