
{"id":2488,"date":"2020-10-12T21:36:38","date_gmt":"2020-10-12T19:36:38","guid":{"rendered":"https:\/\/przedszkole18.edu.wroclaw.pl\/?p=2488"},"modified":"2020-10-12T21:36:38","modified_gmt":"2020-10-12T19:36:38","slug":"rodzice","status":"publish","type":"post","link":"https:\/\/przedszkole18.edu.wroclaw.pl\/index.php\/2020\/10\/12\/rodzice\/","title":{"rendered":"Rodzice!"},"content":{"rendered":"<p><span style=\"color: #ff0000\"><em><strong>Drodzy Pa\u0144stwo, aby uspokoi\u0107 wszystkich, informuj\u0119 \u017ce u \u017cadnego dziecka w plac\u00f3wce nie stwierdzono z\u0142ego samopoczucia, czy te\u017c objaw\u00f3w\u00a0 zwi\u0105zanych z\u00a0 COVID &#8211; 19\u00a0<\/strong><\/em><\/span><\/p>\n<p><strong><em><span style=\"color: #0000ff\"> Jutro pracujemy normalnie i\u00a0 przestrzegamy obowi\u0105zuj\u0105cych w plac\u00f3wce procedur, prosz\u0119 pami\u0119ta\u0107 o konieczno\u015bci zas\u0142aniania ust i nosa, dezynfekowania r\u0105k przez osoby doros\u0142e i zachowanie dystansu.<\/span><\/em> <\/strong><\/p>\n<p><span style=\"color: #800080\"><em><strong>Na ten moment nie otrzyma\u0142am z sanepidu innych wytycznych.\u00a0 \u017bycz\u0119 zdrowia dyrektor plac\u00f3wki. Lidia Walczak-I\u017cycka\u00a0<\/strong><\/em><\/span><\/p>\n","protected":false},"excerpt":{"rendered":"<p>Drodzy Pa\u0144stwo, aby uspokoi\u0107 wszystkich, informuj\u0119 \u017ce u \u017cadnego dziecka w plac\u00f3wce nie stwierdzono z\u0142ego samopoczucia, czy te\u017c objaw\u00f3w\u00a0 zwi\u0105zanych z\u00a0 COVID &#8211; 19\u00a0 Jutro pracujemy normalnie i\u00a0 przestrzegamy obowi\u0105zuj\u0105cych [&hellip;]<\/p>\n","protected":false},"author":115,"featured_media":1727,"comment_status":"closed","ping_status":"closed","sticky":false,"template":"","format":"standard","meta":{"ngg_post_thumbnail":0,"footnotes":""},"categories":[3],"tags":[],"class_list":["post-2488","post","type-post","status-publish","format-standard","has-post-thumbnail","hentry","category-aktualnosci","clearfix"],"_links":{"self":[{"href":"https:\/\/przedszkole18.edu.wroclaw.pl\/index.php\/wp-json\/wp\/v2\/posts\/2488","targetHints":{"allow":["GET"]}}],"collection":[{"href":"https:\/\/przedszkole18.edu.wroclaw.pl\/index.php\/wp-json\/wp\/v2\/posts"}],"about":[{"href":"https:\/\/przedszkole18.edu.wroclaw.pl\/index.php\/wp-json\/wp\/v2\/types\/post"}],"author":[{"embeddable":true,"href":"https:\/\/przedszkole18.edu.wroclaw.pl\/index.php\/wp-json\/wp\/v2\/users\/115"}],"replies":[{"embeddable":true,"href":"https:\/\/przedszkole18.edu.wroclaw.pl\/index.php\/wp-json\/wp\/v2\/comments?post=2488"}],"version-history":[{"count":1,"href":"https:\/\/przedszkole18.edu.wroclaw.pl\/index.php\/wp-json\/wp\/v2\/posts\/2488\/revisions"}],"predecessor-version":[{"id":2489,"href":"https:\/\/przedszkole18.edu.wroclaw.pl\/index.php\/wp-json\/wp\/v2\/posts\/2488\/revisions\/2489"}],"wp:featuredmedia":[{"embeddable":true,"href":"https:\/\/przedszkole18.edu.wroclaw.pl\/index.php\/wp-json\/wp\/v2\/media\/1727"}],"wp:attachment":[{"href":"https:\/\/przedszkole18.edu.wroclaw.pl\/index.php\/wp-json\/wp\/v2\/media?parent=2488"}],"wp:term":[{"taxonomy":"category","embeddable":true,"href":"https:\/\/przedszkole18.edu.wroclaw.pl\/index.php\/wp-json\/wp\/v2\/categories?post=2488"},{"taxonomy":"post_tag","embeddable":true,"href":"https:\/\/przedszkole18.edu.wroclaw.pl\/index.php\/wp-json\/wp\/v2\/tags?post=2488"}],"curies":[{"name":"wp","href":"https:\/\/api.w.org\/{rel}","templated":true}]}}