
{"id":2491,"date":"2020-10-13T16:23:19","date_gmt":"2020-10-13T14:23:19","guid":{"rendered":"https:\/\/przedszkole18.edu.wroclaw.pl\/?p=2491"},"modified":"2020-10-13T16:23:19","modified_gmt":"2020-10-13T14:23:19","slug":"wewnatrzprzedszkolny-konkurs-plastyczny-ten-magiczny-czas","status":"publish","type":"post","link":"https:\/\/przedszkole18.edu.wroclaw.pl\/index.php\/2020\/10\/13\/wewnatrzprzedszkolny-konkurs-plastyczny-ten-magiczny-czas\/","title":{"rendered":"Wewn\u0105trzprzedszkolny konkurs plastyczny \u201cTen magiczny czas\u201d"},"content":{"rendered":"<p style=\"text-align: center\"><span style=\"font-size: 36pt\"><strong><span style=\"color: #ff0000\">Wewn\u0105trzprzedszkolny konkurs plastyczny \u201cTen magiczny czas\u201d<\/span><\/strong><\/span><\/p>\n<p><strong><span style=\"font-size: 24pt\">\u201cTen magiczny czas\u201d &#8211; konkurs plastyczny na projekt kartki o tematyce \u015bwi\u0105tecznej i zimowej.<\/span><\/strong><\/p>\n<p>&nbsp;<\/p>\n<p><strong><span style=\"font-size: 24pt\">Regulamin <\/span><\/strong><strong><span style=\"font-size: 24pt\">konkursu:<\/span><\/strong><\/p>\n<p><span style=\"font-size: 18pt\"><strong>1. Cele konkursu:<\/strong><\/span><br \/>\n<span style=\"font-size: 18pt\">\uf0b7 promowanie w\u015br\u00f3d przedszkolak\u00f3w zainteresowa\u0144 filatelistycznych,<\/span><br \/>\n<span style=\"font-size: 18pt\">\uf0b7 rozwijanie umiej\u0119tno\u015bci plastycznych i kreatywno\u015bci przedszkolak\u00f3w.<\/span><br \/>\n<span style=\"font-size: 18pt\"><strong>2. Adresaci konkursu:<\/strong><\/span><br \/>\n<span style=\"font-size: 18pt\">\uf0b7 Dzieci 5 i 6 letnie<\/span><br \/>\n<span style=\"font-size: 18pt\"><strong>3. Wymagania konkursowe:<\/strong><\/span><br \/>\n<span style=\"font-size: 18pt\">\uf0b7 Prace konkursowe powinny by\u0107 wykonywane na papierze<\/span><br \/>\n<span style=\"font-size: 18pt\">technicznym, format A5, jednostronnie.<\/span><br \/>\n<span style=\"font-size: 18pt\">\uf0b7 Praca konkursowa powinna zawiera\u0107 tre\u015bci nawi\u0105zuj\u0105ce do tematu<\/span><br \/>\n<span style=\"font-size: 18pt\">konkursu.<\/span><br \/>\n<span style=\"font-size: 18pt\">\uf0b7 Technika wykonania prac: o\u0142\u00f3wek, kredka, flamaster, farba<\/span><br \/>\n<span style=\"font-size: 18pt\">(akwarelowa, olejna, akrylowa), bez element\u00f3w 3D i brokatu.<\/span><br \/>\n<span style=\"font-size: 18pt\"><strong>4. Prace powinny zosta\u0107 wykonane przede wszystkim przez dzieci \ud83d\ude42<\/strong><\/span><\/p>\n<p><span style=\"font-size: 18pt\">Podpisane prace nale\u017cy <span style=\"color: #ff0000\"><strong>dostarczy\u0107 do Pani Klaudii z grupy IV do dnia 23<\/strong> <strong>pa\u017adziernika<\/strong><\/span> po czym b\u0119dzie wystawiona galeria w holu.<\/span><\/p>\n<p><span style=\"font-size: 18pt\">3 zwyci\u0119skie prace wezm\u0105 udzia\u0142 w dalszym etapie konkursu organizowanym przez Muzeum Poczty i Telekomunikacji o tej samej tematyce.<\/span><\/p>\n<p>&nbsp;<\/p>\n<p><span style=\"color: #993366\"><strong><span style=\"font-size: 36pt\">Serdecznie zapraszam do udzia\u0142u \ud83d\ude42<\/span><\/strong><\/span><\/p>\n<p><span style=\"color: #993366\"><strong><span style=\"font-size: 36pt\">Pani Klaudia<\/span><\/strong><\/span><\/p>\n<p>&nbsp;<\/p>\n<p><img loading=\"lazy\" decoding=\"async\" class=\"alignnone size-full wp-image-2492\" src=\"https:\/\/przedszkole18.edu.wroclaw.pl\/wp-content\/uploads\/sites\/36\/2020\/10\/konkurs-magiczny-czas-m-jpg.jpg\" alt=\"\" width=\"713\" height=\"1000\" \/><\/p>\n","protected":false},"excerpt":{"rendered":"<p>Wewn\u0105trzprzedszkolny konkurs plastyczny \u201cTen magiczny czas\u201d \u201cTen magiczny czas\u201d &#8211; konkurs plastyczny na projekt kartki o tematyce \u015bwi\u0105tecznej i zimowej. &nbsp; Regulamin konkursu: 1. Cele konkursu: \uf0b7 promowanie w\u015br\u00f3d przedszkolak\u00f3w [&hellip;]<\/p>\n","protected":false},"author":102,"featured_media":0,"comment_status":"closed","ping_status":"closed","sticky":false,"template":"","format":"standard","meta":{"ngg_post_thumbnail":0,"footnotes":""},"categories":[3],"tags":[],"class_list":["post-2491","post","type-post","status-publish","format-standard","hentry","category-aktualnosci","clearfix"],"_links":{"self":[{"href":"https:\/\/przedszkole18.edu.wroclaw.pl\/index.php\/wp-json\/wp\/v2\/posts\/2491","targetHints":{"allow":["GET"]}}],"collection":[{"href":"https:\/\/przedszkole18.edu.wroclaw.pl\/index.php\/wp-json\/wp\/v2\/posts"}],"about":[{"href":"https:\/\/przedszkole18.edu.wroclaw.pl\/index.php\/wp-json\/wp\/v2\/types\/post"}],"author":[{"embeddable":true,"href":"https:\/\/przedszkole18.edu.wroclaw.pl\/index.php\/wp-json\/wp\/v2\/users\/102"}],"replies":[{"embeddable":true,"href":"https:\/\/przedszkole18.edu.wroclaw.pl\/index.php\/wp-json\/wp\/v2\/comments?post=2491"}],"version-history":[{"count":1,"href":"https:\/\/przedszkole18.edu.wroclaw.pl\/index.php\/wp-json\/wp\/v2\/posts\/2491\/revisions"}],"predecessor-version":[{"id":2493,"href":"https:\/\/przedszkole18.edu.wroclaw.pl\/index.php\/wp-json\/wp\/v2\/posts\/2491\/revisions\/2493"}],"wp:attachment":[{"href":"https:\/\/przedszkole18.edu.wroclaw.pl\/index.php\/wp-json\/wp\/v2\/media?parent=2491"}],"wp:term":[{"taxonomy":"category","embeddable":true,"href":"https:\/\/przedszkole18.edu.wroclaw.pl\/index.php\/wp-json\/wp\/v2\/categories?post=2491"},{"taxonomy":"post_tag","embeddable":true,"href":"https:\/\/przedszkole18.edu.wroclaw.pl\/index.php\/wp-json\/wp\/v2\/tags?post=2491"}],"curies":[{"name":"wp","href":"https:\/\/api.w.org\/{rel}","templated":true}]}}