
{"id":2494,"date":"2020-10-13T16:29:11","date_gmt":"2020-10-13T14:29:11","guid":{"rendered":"https:\/\/przedszkole18.edu.wroclaw.pl\/?p=2494"},"modified":"2020-10-13T16:29:11","modified_gmt":"2020-10-13T14:29:11","slug":"wyniki-ankiety-dotyczacej-przerwy-wakacyjnej","status":"publish","type":"post","link":"https:\/\/przedszkole18.edu.wroclaw.pl\/index.php\/2020\/10\/13\/wyniki-ankiety-dotyczacej-przerwy-wakacyjnej\/","title":{"rendered":"Wyniki ankiety dotycz\u0105cej przerwy wakacyjnej"},"content":{"rendered":"<p><span style=\"color: #ff6600\"><strong><span style=\"font-size: 36pt\">Szanowni Pa\u0144stwo,<\/span><\/strong><\/span><\/p>\n<p><span style=\"color: #ff6600\"><strong><span style=\"font-size: 36pt\">Zako\u0144czyli\u015bmy g\u0142osowanie dotycz\u0105ce przerwy wakacyjnej w naszym przedszkolu.<\/span><\/strong><\/span><\/p>\n<p><span style=\"color: #ff6600\"><strong><span style=\"font-size: 36pt\">Tak przedstawiaj\u0105 si\u0119 wyniki g\u0142osowania:<\/span><\/strong><\/span><\/p>\n<p><img loading=\"lazy\" decoding=\"async\" class=\"alignnone size-full wp-image-2495\" src=\"https:\/\/przedszkole18.edu.wroclaw.pl\/wp-content\/uploads\/sites\/36\/2020\/10\/IMG_20201013_160543.jpg\" alt=\"\" width=\"1036\" height=\"884\" srcset=\"https:\/\/przedszkole18.edu.wroclaw.pl\/wp-content\/uploads\/sites\/36\/2020\/10\/IMG_20201013_160543.jpg 1036w, https:\/\/przedszkole18.edu.wroclaw.pl\/wp-content\/uploads\/sites\/36\/2020\/10\/IMG_20201013_160543-300x256.jpg 300w, https:\/\/przedszkole18.edu.wroclaw.pl\/wp-content\/uploads\/sites\/36\/2020\/10\/IMG_20201013_160543-1024x874.jpg 1024w, https:\/\/przedszkole18.edu.wroclaw.pl\/wp-content\/uploads\/sites\/36\/2020\/10\/IMG_20201013_160543-768x655.jpg 768w, https:\/\/przedszkole18.edu.wroclaw.pl\/wp-content\/uploads\/sites\/36\/2020\/10\/IMG_20201013_160543-600x512.jpg 600w, https:\/\/przedszkole18.edu.wroclaw.pl\/wp-content\/uploads\/sites\/36\/2020\/10\/IMG_20201013_160543-624x532.jpg 624w\" sizes=\"auto, (max-width: 1036px) 100vw, 1036px\" \/><\/p>\n<p><strong><span style=\"color: #ff6600;font-size: 36pt\">Jak pokazuje wykres przerwa wakacyjna w 2021 roku ob\u0119dzie si\u0119 w miesi\u0105cu sierpniu.<\/span><\/strong><\/p>\n<p>&nbsp;<\/p>\n<p>&nbsp;<\/p>\n<p><strong><span style=\"color: #ff6600;font-size: 36pt\">Serdecznie Pa\u0144stwu dzi\u0119kujemy za udzia\u0142 w ankiecie.<\/span><\/strong><\/p>\n<p><strong><span style=\"color: #ff6600;font-size: 36pt\">\u017byczymy du\u017co zdrowia!<\/span><\/strong><\/p>\n","protected":false},"excerpt":{"rendered":"<p>Szanowni Pa\u0144stwo, Zako\u0144czyli\u015bmy g\u0142osowanie dotycz\u0105ce przerwy wakacyjnej w naszym przedszkolu. Tak przedstawiaj\u0105 si\u0119 wyniki g\u0142osowania: Jak pokazuje wykres przerwa wakacyjna w 2021 roku ob\u0119dzie si\u0119 w miesi\u0105cu sierpniu. &nbsp; &nbsp; [&hellip;]<\/p>\n","protected":false},"author":102,"featured_media":0,"comment_status":"closed","ping_status":"closed","sticky":false,"template":"","format":"standard","meta":{"ngg_post_thumbnail":0,"footnotes":""},"categories":[3],"tags":[],"class_list":["post-2494","post","type-post","status-publish","format-standard","hentry","category-aktualnosci","clearfix"],"_links":{"self":[{"href":"https:\/\/przedszkole18.edu.wroclaw.pl\/index.php\/wp-json\/wp\/v2\/posts\/2494","targetHints":{"allow":["GET"]}}],"collection":[{"href":"https:\/\/przedszkole18.edu.wroclaw.pl\/index.php\/wp-json\/wp\/v2\/posts"}],"about":[{"href":"https:\/\/przedszkole18.edu.wroclaw.pl\/index.php\/wp-json\/wp\/v2\/types\/post"}],"author":[{"embeddable":true,"href":"https:\/\/przedszkole18.edu.wroclaw.pl\/index.php\/wp-json\/wp\/v2\/users\/102"}],"replies":[{"embeddable":true,"href":"https:\/\/przedszkole18.edu.wroclaw.pl\/index.php\/wp-json\/wp\/v2\/comments?post=2494"}],"version-history":[{"count":1,"href":"https:\/\/przedszkole18.edu.wroclaw.pl\/index.php\/wp-json\/wp\/v2\/posts\/2494\/revisions"}],"predecessor-version":[{"id":2496,"href":"https:\/\/przedszkole18.edu.wroclaw.pl\/index.php\/wp-json\/wp\/v2\/posts\/2494\/revisions\/2496"}],"wp:attachment":[{"href":"https:\/\/przedszkole18.edu.wroclaw.pl\/index.php\/wp-json\/wp\/v2\/media?parent=2494"}],"wp:term":[{"taxonomy":"category","embeddable":true,"href":"https:\/\/przedszkole18.edu.wroclaw.pl\/index.php\/wp-json\/wp\/v2\/categories?post=2494"},{"taxonomy":"post_tag","embeddable":true,"href":"https:\/\/przedszkole18.edu.wroclaw.pl\/index.php\/wp-json\/wp\/v2\/tags?post=2494"}],"curies":[{"name":"wp","href":"https:\/\/api.w.org\/{rel}","templated":true}]}}