
{"id":2497,"date":"2020-10-14T15:03:40","date_gmt":"2020-10-14T13:03:40","guid":{"rendered":"https:\/\/przedszkole18.edu.wroclaw.pl\/?p=2497"},"modified":"2020-10-14T15:03:40","modified_gmt":"2020-10-14T13:03:40","slug":"rodzice-2","status":"publish","type":"post","link":"https:\/\/przedszkole18.edu.wroclaw.pl\/index.php\/2020\/10\/14\/rodzice-2\/","title":{"rendered":"Rodzice!"},"content":{"rendered":"<p><em><strong><span style=\"color: #008000\">Szanowni Pa\u0144stwo,\u00a0 informuj\u0119\u00a0 \u017ce nadal nie otrzyma\u0142am informacji zwrotnej z\u00a0 SANEPIDU.\u00a0 Na dzie\u0144 dzisiejszy,\u00a0 wszyscy w plac\u00f3wce czujemy si\u0119 zdrowo, frekwencja dzieci jest sta\u0142a, nie otrzyma\u0142am\u00a0 od Pa\u0144stwa,\u00a0 \u017cadnych niepokoj\u0105cych informacji o stanie zdrowia Pa\u0144stwa lub dzieci.\u00a0<\/span> <\/strong><\/em><\/p>\n<p><span style=\"color: #800080\"><em><strong>Nale\u017cy zatem wierzy\u0107, \u017ce na dzie\u0144 dzisiejszy wszyscy\u00a0 jeste\u015bmy zdrowi.\u00a0 Bardzo\u00a0 dzi\u0119kuj\u0119,\u00a0 za zrozumienie sytuacji, rozs\u0105dek\u00a0 i cierpliwo\u015b\u0107.\u00a0<\/strong> <\/em><\/span><\/p>\n<p><em><strong><span style=\"color: #008000\">Dzi\u0119kuj\u0119 tak\u017ce w imieniu w\u0142asnym i pracownik\u00f3w przedszkola,\u00a0 za przesy\u0142ane nam \u017cyczenia z okazji Dnia Edukacji Narodowej.\u00a0 Dzi\u0119kuj\u0119 Frankowi i Lilianie za pi\u0119kne laurki.\u00a0 Pozdrawiam serdecznie i \u017cycz\u0119 du\u017co zdrowia. Dyrektor plac\u00f3wki Lidia Walczak-I\u017cycka<\/span> <\/strong><\/em><\/p>\n","protected":false},"excerpt":{"rendered":"<p>Szanowni Pa\u0144stwo,\u00a0 informuj\u0119\u00a0 \u017ce nadal nie otrzyma\u0142am informacji zwrotnej z\u00a0 SANEPIDU.\u00a0 Na dzie\u0144 dzisiejszy,\u00a0 wszyscy w plac\u00f3wce czujemy si\u0119 zdrowo, frekwencja dzieci jest sta\u0142a, nie otrzyma\u0142am\u00a0 od Pa\u0144stwa,\u00a0 \u017cadnych niepokoj\u0105cych [&hellip;]<\/p>\n","protected":false},"author":115,"featured_media":2415,"comment_status":"closed","ping_status":"closed","sticky":false,"template":"","format":"standard","meta":{"ngg_post_thumbnail":0,"footnotes":""},"categories":[3],"tags":[],"class_list":["post-2497","post","type-post","status-publish","format-standard","has-post-thumbnail","hentry","category-aktualnosci","clearfix"],"_links":{"self":[{"href":"https:\/\/przedszkole18.edu.wroclaw.pl\/index.php\/wp-json\/wp\/v2\/posts\/2497","targetHints":{"allow":["GET"]}}],"collection":[{"href":"https:\/\/przedszkole18.edu.wroclaw.pl\/index.php\/wp-json\/wp\/v2\/posts"}],"about":[{"href":"https:\/\/przedszkole18.edu.wroclaw.pl\/index.php\/wp-json\/wp\/v2\/types\/post"}],"author":[{"embeddable":true,"href":"https:\/\/przedszkole18.edu.wroclaw.pl\/index.php\/wp-json\/wp\/v2\/users\/115"}],"replies":[{"embeddable":true,"href":"https:\/\/przedszkole18.edu.wroclaw.pl\/index.php\/wp-json\/wp\/v2\/comments?post=2497"}],"version-history":[{"count":1,"href":"https:\/\/przedszkole18.edu.wroclaw.pl\/index.php\/wp-json\/wp\/v2\/posts\/2497\/revisions"}],"predecessor-version":[{"id":2498,"href":"https:\/\/przedszkole18.edu.wroclaw.pl\/index.php\/wp-json\/wp\/v2\/posts\/2497\/revisions\/2498"}],"wp:featuredmedia":[{"embeddable":true,"href":"https:\/\/przedszkole18.edu.wroclaw.pl\/index.php\/wp-json\/wp\/v2\/media\/2415"}],"wp:attachment":[{"href":"https:\/\/przedszkole18.edu.wroclaw.pl\/index.php\/wp-json\/wp\/v2\/media?parent=2497"}],"wp:term":[{"taxonomy":"category","embeddable":true,"href":"https:\/\/przedszkole18.edu.wroclaw.pl\/index.php\/wp-json\/wp\/v2\/categories?post=2497"},{"taxonomy":"post_tag","embeddable":true,"href":"https:\/\/przedszkole18.edu.wroclaw.pl\/index.php\/wp-json\/wp\/v2\/tags?post=2497"}],"curies":[{"name":"wp","href":"https:\/\/api.w.org\/{rel}","templated":true}]}}