
{"id":2499,"date":"2020-10-14T16:35:34","date_gmt":"2020-10-14T14:35:34","guid":{"rendered":"https:\/\/przedszkole18.edu.wroclaw.pl\/?p=2499"},"modified":"2020-10-16T09:46:23","modified_gmt":"2020-10-16T07:46:23","slug":"konferencja-edukacyjna-edukacja-w-czasach-covid-19-jak-sprostac-nowym-wymaganiom-w-szkole-oraz-w-domu-co-warto-robic-inaczej","status":"publish","type":"post","link":"https:\/\/przedszkole18.edu.wroclaw.pl\/index.php\/2020\/10\/14\/konferencja-edukacyjna-edukacja-w-czasach-covid-19-jak-sprostac-nowym-wymaganiom-w-szkole-oraz-w-domu-co-warto-robic-inaczej\/","title":{"rendered":"KONFERENCJA EDUKACYJNA &#8222;Edukacja w czasach COVID-19 &#8211; jak sprosta\u0107 nowym wymaganiom w szkole oraz w domu, co warto robi\u0107 inaczej&#8230;&#8221;"},"content":{"rendered":"<p><span style=\"font-size: 24pt\"><strong>Szanowni Pa\u0144stwo,<\/strong><\/span><\/p>\n<p>&nbsp;<\/p>\n<p><span style=\"font-size: 14pt;color: #0000ff\">Jak co roku, pragniemy zaprosi\u0107 Pa\u0144stwa na konferencj\u0119 edukacyjn\u0105, z udzia\u0142em Pani <span class=\"s2\">Renaty Gut<\/span> i Jej zespo\u0142u. Tym razem b\u0119dzie ona inna ni\u017c poprzednie, poniewa\u017c zar\u00f3wno jej temat jak i formu\u0142a s\u0105 \u015bci\u015ble zwi\u0105zane z edukacj\u0105 zdaln\u0105, kt\u00f3ra sta\u0142a si\u0119 dla nas g\u0142\u00f3wnym wyzwaniem w 2020 r.<\/span><\/p>\n<p><span style=\"color: #008000\"><strong><span style=\"font-size: 14pt\">Konferencja pod tytu\u0142em<span class=\"s2\">: \u201e<\/span><span class=\"s2\">Edukacja w czasach COVID-19 &#8211; jak sprosta\u0107 nowym wymaganiom w szkole oraz w domu, co warto robi\u0107 inaczej&#8230;<\/span><span class=\"s2\">\u201d<\/span> odb\u0119dzie si\u0119 w \u015brod\u0119, 21 pa\u017adziernika online za po\u015brednictwem platformy Documaster Campus i transmisji na Youtube. Prelekcje potrwaj\u0105 od godziny 11.00 do 13.00, ponadto organizator przewidzia\u0142 45 minut na pytania od uczestnik\u00f3w i odpowiedzi prelegent\u00f3w.<\/span><\/strong><\/span><\/p>\n<p><span style=\"font-size: 14pt;color: #0000ff\">Wydarzenie jest skierowane do dyrektor\u00f3w szk\u00f3\u0142, nauczycieli oraz do rodzic\u00f3w uczni\u00f3w. Poprowadzi je Renata Gut, trenerka, coach, zarz\u0105dzaj\u0105ca Instytutem Talent\u00f3w Flashpoint w Polsce, a tak\u017ce wyk\u0142adowca na Akademii Leona Ko\u017ami\u0144skiego w Warszawie. Prelegentami b\u0119d\u0105 r\u00f3wnie\u017c:<\/span><\/p>\n<p><span style=\"font-size: 14pt;color: #0000ff\">&#8211; Dr Anna Brzosko, Wyk\u0142adowca Akademii Leona Ko\u017ami\u0144skiego, doradca i edukator, specjalizuj\u0105ca si\u0119 w zarz\u0105dzaniu r\u00f3\u017cnorodno\u015bci\u0105 i budowaniu przewagi konkurencyjnej w oparciu o talenty i mocne strony,<\/span><\/p>\n<p><span style=\"font-size: 14pt;color: #0000ff\">&#8211; Gra\u017cyna K\u0105cka, psychoterapeutka i socjoterapeuta, pedagog i biotechnolog, specjalizuj\u0105ca si\u0119 w pracy klinicznej z dzie\u0107mi i m\u0142odzie\u017c\u0105 oraz superwizorka os\u00f3b doros\u0142ych pracuj\u0105cych z dzie\u0107mi i ich rodzicami,<\/span><\/p>\n<p><span style=\"font-size: 14pt;color: #0000ff\">&#8211; Danuta Haller, nauczycielka j\u0119zyka polskiego oraz doradca metodyczny w PCEiPPP w Wo\u0142owie,<\/span><\/p>\n<p class=\"s4\"><span style=\"font-size: 14pt;color: #0000ff\"><span class=\"s3\">&#8211; <\/span><span class=\"s3\">Radca prawny <\/span><span class=\"s3\">Izabela Skiba, <\/span><span class=\"s3\">kt\u00f3ra przybli\u017cy prawne aspekty zwi\u0105zane ze zdaln\u0105 i hybrydow\u0105<\/span><span class=\"s3\">edukacj\u0105<\/span><span class=\"s3\"> (<\/span><span class=\"s3\">m.in. <\/span><span class=\"s3\">w kontek\u015bcie wyroku TSUE oraz legalno\u015bci e-maili),<\/span><\/span><\/p>\n<p class=\"s4\"><span style=\"font-size: 14pt;color: #0000ff\"><span class=\"s3\">&#8211; <\/span><span class=\"s3\">Mateusz Wojtczak \u2013 <\/span><span class=\"s3\">Manager z kilkunastoletnim do\u015bwiadczeniem, popularyzator nauki oraz pasjonat nowoczesnych technologii i praktycznego wykorzystania ich w <\/span><span class=\"s3\">edukacji i w codziennym \u017cyciu.<\/span><\/span><\/p>\n<p><span style=\"font-size: 14pt;color: #0000ff\">Na konferencji otrzymacie Pa\u0144stwo bardzo warto\u015bciow\u0105 i praktyczn\u0105 wiedz\u0119 dotycz\u0105c\u0105:zarz\u0105dzania, technologii, obowi\u0105zuj\u0105cych wymog\u00f3w prawnych. Poznacie tak\u017ce metody radzenia sobie z problemami, jakie niesie ze sob\u0105 zdalna edukacja. Udzia\u0142 w konferencji jest bezp\u0142atny. Ka\u017cdy uczestnik otrzyma tak\u017ce certyfikat potwierdzaj\u0105cy udzia\u0142 w wydarzeniu.<\/span><\/p>\n<p><span style=\"font-size: 14pt\"><strong><span class=\"s2\" style=\"color: #008000\">Zapisy oraz wi\u0119cej informacji o wydarzeniu znajduj\u0105 si\u0119 na stronie:<\/span><\/strong><a href=\"https:\/\/edu.documaster.pl\/konferencja-21-10\"><span class=\"s5\">https:\/\/edu.documaster.pl\/konferencja-21-10<\/span><\/a><\/span><\/p>\n<p><strong><span class=\"s2\" style=\"font-size: 14pt;color: #008000\">Po zarejestrowaniu si\u0119 na stronie, otrzymacie Pa\u0144stwo e-mail z linkiem do transmisji konferencji.<\/span><\/strong><\/p>\n<p><span style=\"font-size: 14pt\"><span class=\"s6\">Gor\u0105co z<\/span><span class=\"s6\">ach\u0119cam do udzia\u0142u<\/span><span class=\"s6\"> w tym wydarzeniu,<\/span><\/span><\/p>\n<p class=\"s7\"><span style=\"font-size: 14pt\">Pozdrawiam,<\/span><\/p>\n<p class=\"s7\"><span style=\"font-size: 14pt\">Marek Sieczka<\/span><\/p>\n<p class=\"s7\"><span style=\"font-size: 14pt\">st.wizytator<\/span><\/p>\n<p class=\"s7\"><span style=\"font-size: 14pt\">Kuratorium O\u015bwiaty we Wroc\u0142awiu<\/span><\/p>\n<p class=\"s7\"><span style=\"font-size: 14pt\">wojew\u00f3dzki koordynator<\/span><\/p>\n<p class=\"s7\"><span style=\"font-size: 14pt\">d\/s innowacji w edukacji<\/span><\/p>\n<p class=\"s7\"><span style=\"font-size: 14pt\">Pl. Powsta\u0144c\u00f3w Warszawy 1<\/span><\/p>\n<p class=\"s7\"><span style=\"font-size: 14pt\">50-153 Wroc\u0142aw<\/span><\/p>\n<p class=\"s7\"><span style=\"font-size: 14pt\">tel: 71 340 63 42<\/span><\/p>\n<p class=\"s7\"><span style=\"font-size: 14pt\">msieczka@kowroc.pl<\/span><\/p>\n","protected":false},"excerpt":{"rendered":"<p>Szanowni Pa\u0144stwo, &nbsp; Jak co roku, pragniemy zaprosi\u0107 Pa\u0144stwa na konferencj\u0119 edukacyjn\u0105, z udzia\u0142em Pani Renaty Gut i Jej zespo\u0142u. Tym razem b\u0119dzie ona inna ni\u017c poprzednie, poniewa\u017c zar\u00f3wno jej [&hellip;]<\/p>\n","protected":false},"author":102,"featured_media":2500,"comment_status":"closed","ping_status":"closed","sticky":false,"template":"","format":"standard","meta":{"ngg_post_thumbnail":0,"footnotes":""},"categories":[3],"tags":[],"class_list":["post-2499","post","type-post","status-publish","format-standard","has-post-thumbnail","hentry","category-aktualnosci","clearfix"],"_links":{"self":[{"href":"https:\/\/przedszkole18.edu.wroclaw.pl\/index.php\/wp-json\/wp\/v2\/posts\/2499","targetHints":{"allow":["GET"]}}],"collection":[{"href":"https:\/\/przedszkole18.edu.wroclaw.pl\/index.php\/wp-json\/wp\/v2\/posts"}],"about":[{"href":"https:\/\/przedszkole18.edu.wroclaw.pl\/index.php\/wp-json\/wp\/v2\/types\/post"}],"author":[{"embeddable":true,"href":"https:\/\/przedszkole18.edu.wroclaw.pl\/index.php\/wp-json\/wp\/v2\/users\/102"}],"replies":[{"embeddable":true,"href":"https:\/\/przedszkole18.edu.wroclaw.pl\/index.php\/wp-json\/wp\/v2\/comments?post=2499"}],"version-history":[{"count":2,"href":"https:\/\/przedszkole18.edu.wroclaw.pl\/index.php\/wp-json\/wp\/v2\/posts\/2499\/revisions"}],"predecessor-version":[{"id":2503,"href":"https:\/\/przedszkole18.edu.wroclaw.pl\/index.php\/wp-json\/wp\/v2\/posts\/2499\/revisions\/2503"}],"wp:featuredmedia":[{"embeddable":true,"href":"https:\/\/przedszkole18.edu.wroclaw.pl\/index.php\/wp-json\/wp\/v2\/media\/2500"}],"wp:attachment":[{"href":"https:\/\/przedszkole18.edu.wroclaw.pl\/index.php\/wp-json\/wp\/v2\/media?parent=2499"}],"wp:term":[{"taxonomy":"category","embeddable":true,"href":"https:\/\/przedszkole18.edu.wroclaw.pl\/index.php\/wp-json\/wp\/v2\/categories?post=2499"},{"taxonomy":"post_tag","embeddable":true,"href":"https:\/\/przedszkole18.edu.wroclaw.pl\/index.php\/wp-json\/wp\/v2\/tags?post=2499"}],"curies":[{"name":"wp","href":"https:\/\/api.w.org\/{rel}","templated":true}]}}