
{"id":2504,"date":"2020-10-18T21:16:51","date_gmt":"2020-10-18T19:16:51","guid":{"rendered":"https:\/\/przedszkole18.edu.wroclaw.pl\/?p=2504"},"modified":"2020-10-18T21:16:51","modified_gmt":"2020-10-18T19:16:51","slug":"zajecia-ogolnorozwojowe-z-elementami-karate","status":"publish","type":"post","link":"https:\/\/przedszkole18.edu.wroclaw.pl\/index.php\/2020\/10\/18\/zajecia-ogolnorozwojowe-z-elementami-karate\/","title":{"rendered":"ZAJ\u0118CIA OG\u00d3LNOROZWOJOWE Z ELEMENTAMI KARATE"},"content":{"rendered":"<p><span style=\"color: #000000\"><strong><span style=\"font-size: 24pt\">Szanowni Pa\u0144stwo<\/span><\/strong><\/span><\/p>\n<p><strong><span style=\"font-size: 24pt\"><span style=\"color: #000000\">Przypominamy o dostarczeniu do plac\u00f3wki, w najbli\u017cszym czasie,\u00a0 zgody na udzia\u0142 dziecka w zaj\u0119ciach og\u00f3lnorozwojowych z elementami karate prowadzonymi przez Fundacj\u0119 Mali Wspaniali.<\/span> <\/span><\/strong><\/p>\n<p><span style=\"color: #ff0000\"><strong><span style=\"font-size: 24pt\">Zgoda do pobrania poni\u017cej<\/span><\/strong><\/span><\/p>\n<p><a href=\"https:\/\/przedszkole18.edu.wroclaw.pl\/wp-content\/uploads\/sites\/36\/2020\/10\/Zgoda-na-zajecia-MW-2020-21nowa.pdf\">Zgoda-na-zajecia-MW-2020-21nowa<\/a><\/p>\n","protected":false},"excerpt":{"rendered":"<p>Szanowni Pa\u0144stwo Przypominamy o dostarczeniu do plac\u00f3wki, w najbli\u017cszym czasie,\u00a0 zgody na udzia\u0142 dziecka w zaj\u0119ciach og\u00f3lnorozwojowych z elementami karate prowadzonymi przez Fundacj\u0119 Mali Wspaniali. Zgoda do pobrania poni\u017cej Zgoda-na-zajecia-MW-2020-21nowa<\/p>\n","protected":false},"author":108,"featured_media":2448,"comment_status":"closed","ping_status":"closed","sticky":false,"template":"","format":"standard","meta":{"ngg_post_thumbnail":0,"footnotes":""},"categories":[3],"tags":[],"class_list":["post-2504","post","type-post","status-publish","format-standard","has-post-thumbnail","hentry","category-aktualnosci","clearfix"],"_links":{"self":[{"href":"https:\/\/przedszkole18.edu.wroclaw.pl\/index.php\/wp-json\/wp\/v2\/posts\/2504","targetHints":{"allow":["GET"]}}],"collection":[{"href":"https:\/\/przedszkole18.edu.wroclaw.pl\/index.php\/wp-json\/wp\/v2\/posts"}],"about":[{"href":"https:\/\/przedszkole18.edu.wroclaw.pl\/index.php\/wp-json\/wp\/v2\/types\/post"}],"author":[{"embeddable":true,"href":"https:\/\/przedszkole18.edu.wroclaw.pl\/index.php\/wp-json\/wp\/v2\/users\/108"}],"replies":[{"embeddable":true,"href":"https:\/\/przedszkole18.edu.wroclaw.pl\/index.php\/wp-json\/wp\/v2\/comments?post=2504"}],"version-history":[{"count":1,"href":"https:\/\/przedszkole18.edu.wroclaw.pl\/index.php\/wp-json\/wp\/v2\/posts\/2504\/revisions"}],"predecessor-version":[{"id":2505,"href":"https:\/\/przedszkole18.edu.wroclaw.pl\/index.php\/wp-json\/wp\/v2\/posts\/2504\/revisions\/2505"}],"wp:featuredmedia":[{"embeddable":true,"href":"https:\/\/przedszkole18.edu.wroclaw.pl\/index.php\/wp-json\/wp\/v2\/media\/2448"}],"wp:attachment":[{"href":"https:\/\/przedszkole18.edu.wroclaw.pl\/index.php\/wp-json\/wp\/v2\/media?parent=2504"}],"wp:term":[{"taxonomy":"category","embeddable":true,"href":"https:\/\/przedszkole18.edu.wroclaw.pl\/index.php\/wp-json\/wp\/v2\/categories?post=2504"},{"taxonomy":"post_tag","embeddable":true,"href":"https:\/\/przedszkole18.edu.wroclaw.pl\/index.php\/wp-json\/wp\/v2\/tags?post=2504"}],"curies":[{"name":"wp","href":"https:\/\/api.w.org\/{rel}","templated":true}]}}