
{"id":2525,"date":"2020-10-24T13:04:40","date_gmt":"2020-10-24T11:04:40","guid":{"rendered":"https:\/\/przedszkole18.edu.wroclaw.pl\/?p=2525"},"modified":"2020-10-24T13:04:40","modified_gmt":"2020-10-24T11:04:40","slug":"teatr-moich-marzen","status":"publish","type":"post","link":"https:\/\/przedszkole18.edu.wroclaw.pl\/index.php\/2020\/10\/24\/teatr-moich-marzen\/","title":{"rendered":"Teatr moich marze\u0144"},"content":{"rendered":"<p style=\"text-align: center\"><span style=\"color: #0000ff;font-size: 36pt\"><strong>Zapraszamy na nieodp\u0142atne Warsztaty Teatralne dla dzieci.<\/strong><\/span><\/p>\n<p><span style=\"color: #ff6600;font-family: 'comic sans ms', sans-serif\"><strong><span style=\"font-size: 18pt\">Drodzy rodzice,<\/span><\/strong><\/span><\/p>\n<p style=\"font-weight: 400\"><span style=\"font-size: 18pt;color: #ff6600;font-family: 'comic sans ms', sans-serif\">Pomimo trudnej sytuacji zwi\u0105zanej z pandemi\u0105 COVID-19 Teatr Moich Marze\u0144 wraz z Fundacj\u0105 Ambasada Kultury i Sztuki, ma zaszczyt realizowa\u0107 fantastyczny projekt\u00a0<strong> &#8222;Teatralne ABC &#8211; bajkowe warsztaty dla ma\u0142ych artyst\u00f3w&#8221;.\u00a0<\/strong>Przygotowali\u015bmy dla Pa\u0144stwa i Pa\u0144stwa podopiecznych darmowe warsztaty teatralne. Zgodnie z nasz\u0105 misj\u0105 najwa\u017cniejsze jest dla nas dobro i rozw\u00f3j\u00a0dzieci. Dost\u0119pno\u015b\u0107 nagra\u0144 w internecie umo\u017cliwi dzieciom, kt\u00f3re chc\u0105 zosta\u0107 artystami spe\u0142nienie ich marze\u0144. Dzieci b\u0119d\u0105 mog\u0142y uczestniczy\u0107 w wyj\u0105tkowo atrakcyjnej bo bajkowej formie warsztat\u00f3w, kt\u00f3ra sprawi, \u017ce bez \u017cadnych zahamowa\u0144 b\u0119d\u0105 chcia\u0142y znale\u017a\u0107 si\u0119 w magicznej krainie, realizuj\u0105c kolejne zadania i dowiaduj\u0105c si\u0119 ciekawostek zza kulis. Udzia\u0142 w warsztatach pozwoli na zapoznanie si\u0119 z technikami pracy scenicznej, nauczy otwarto\u015bci i nowego spojrzenia na teatraln\u0105 sztuk\u0119. Warsztaty b\u0119d\u0105 prowadzone przez naszych fantastycznych aktor\u00f3w. Projektowi b\u0119d\u0105 towarzyszy\u0107 liczne konkursy z nagrodami oraz wystawy prac dzieci.<\/span><\/p>\n<p>&nbsp;<\/p>\n<p><img loading=\"lazy\" decoding=\"async\" class=\"alignnone size-full wp-image-2537\" src=\"https:\/\/przedszkole18.edu.wroclaw.pl\/wp-content\/uploads\/sites\/36\/2020\/10\/unnamed1.jpg\" alt=\"\" width=\"614\" height=\"175\" \/><\/p>\n<p>&nbsp;<\/p>\n<p style=\"font-weight: 400\"><span style=\"font-size: 18pt;color: #339966;font-family: 'comic sans ms', sans-serif\"><span style=\"color: #ff6600\">Chcemy Was Zaprosi\u0107 do wsp\u00f3lnej zabawy. Poni\u017cej zamieszczamy linki do pierwszych odcink\u00f3w tej bajkowej serii.<\/span>\u00a0<\/span><\/p>\n<p><iframe loading=\"lazy\" title=\"Teatralne ABC-Bajkowe warsztaty dla ma\u0142ych artyst\u00f3w-ODCINEK 1-PACYNKA\" width=\"500\" height=\"281\" src=\"https:\/\/www.youtube.com\/embed\/Wln3kOlrRqk?feature=oembed\" frameborder=\"0\" allow=\"accelerometer; autoplay; clipboard-write; encrypted-media; gyroscope; picture-in-picture; web-share\" referrerpolicy=\"strict-origin-when-cross-origin\" allowfullscreen><\/iframe><\/p>\n<p><iframe loading=\"lazy\" title=\"Teatralne ABC-Bajkowe warsztaty dla ma\u0142ych artyst\u00f3w-ODCINEK 2-\u015apiew\" width=\"500\" height=\"281\" src=\"https:\/\/www.youtube.com\/embed\/FEo2Dn58Y20?feature=oembed\" frameborder=\"0\" allow=\"accelerometer; autoplay; clipboard-write; encrypted-media; gyroscope; picture-in-picture; web-share\" referrerpolicy=\"strict-origin-when-cross-origin\" allowfullscreen><\/iframe><\/p>\n<p><iframe loading=\"lazy\" title=\"Teatralne ABC-Bajkowe warsztaty dla ma\u0142ych artyst\u00f3w-ODCINEK 4-TANIEC\" width=\"500\" height=\"281\" src=\"https:\/\/www.youtube.com\/embed\/jfZoBpCAjQo?feature=oembed\" frameborder=\"0\" allow=\"accelerometer; autoplay; clipboard-write; encrypted-media; gyroscope; picture-in-picture; web-share\" referrerpolicy=\"strict-origin-when-cross-origin\" allowfullscreen><\/iframe><\/p>\n<p><iframe loading=\"lazy\" title=\"&quot;Teatralne ABC-Bajkowe warsztaty dla ma\u0142ych artyst\u00f3w&quot;-ODCINEK 3-MASKA\" width=\"500\" height=\"281\" src=\"https:\/\/www.youtube.com\/embed\/3Pm6Wqe6D_w?feature=oembed\" frameborder=\"0\" allow=\"accelerometer; autoplay; clipboard-write; encrypted-media; gyroscope; picture-in-picture; web-share\" referrerpolicy=\"strict-origin-when-cross-origin\" allowfullscreen><\/iframe><\/p>\n<p><iframe loading=\"lazy\" title=\"Teatralne ABC-Bajkowe warsztaty dla ma\u0142ych artyst\u00f3w-ODCINEK 6- SCENOGRAFIA\" width=\"500\" height=\"281\" src=\"https:\/\/www.youtube.com\/embed\/GFKrEURqgRQ?feature=oembed\" frameborder=\"0\" allow=\"accelerometer; autoplay; clipboard-write; encrypted-media; gyroscope; picture-in-picture; web-share\" referrerpolicy=\"strict-origin-when-cross-origin\" allowfullscreen><\/iframe><\/p>\n<p><iframe loading=\"lazy\" title=\"Teatralne ABC-Bajkowe warsztaty dla ma\u0142ych artyst\u00f3w-ODCINEK 7-ROZGRZEWKA\" width=\"500\" height=\"281\" src=\"https:\/\/www.youtube.com\/embed\/JwcOyYKtP3Q?feature=oembed\" frameborder=\"0\" allow=\"accelerometer; autoplay; clipboard-write; encrypted-media; gyroscope; picture-in-picture; web-share\" referrerpolicy=\"strict-origin-when-cross-origin\" allowfullscreen><\/iframe><\/p>\n<p><iframe loading=\"lazy\" title=\"Teatralne ABC-Bajkowe warsztaty dla ma\u0142ych artyst\u00f3w-ODCINEK 8-KOSTIUM\" width=\"500\" height=\"281\" src=\"https:\/\/www.youtube.com\/embed\/0HGPoAT8xDo?feature=oembed\" frameborder=\"0\" allow=\"accelerometer; autoplay; clipboard-write; encrypted-media; gyroscope; picture-in-picture; web-share\" referrerpolicy=\"strict-origin-when-cross-origin\" allowfullscreen><\/iframe><\/p>\n<p><iframe loading=\"lazy\" title=\"Teatralne ABC-Bajkowe warsztaty dla ma\u0142ych artyst\u00f3w-ODCINEK 9-DYKCJA\" width=\"500\" height=\"281\" src=\"https:\/\/www.youtube.com\/embed\/V0AwUOmTkfM?feature=oembed\" frameborder=\"0\" allow=\"accelerometer; autoplay; clipboard-write; encrypted-media; gyroscope; picture-in-picture; web-share\" referrerpolicy=\"strict-origin-when-cross-origin\" allowfullscreen><\/iframe><\/p>\n<p><iframe loading=\"lazy\" title=\"Teatralne ABC-Bajkowe warsztaty dla ma\u0142ych artyst\u00f3w-ODCINEK 5-MODEL TEATRU\" width=\"500\" height=\"281\" src=\"https:\/\/www.youtube.com\/embed\/vXjSfY10-Gk?feature=oembed\" frameborder=\"0\" allow=\"accelerometer; autoplay; clipboard-write; encrypted-media; gyroscope; picture-in-picture; web-share\" referrerpolicy=\"strict-origin-when-cross-origin\" allowfullscreen><\/iframe><\/p>\n<p><iframe loading=\"lazy\" title=\"Teatralne ABC- Bajkowe warsztaty dla ma\u0142ych artyst\u00f3w-ODCINEK 10-TEATR CIENI\" width=\"500\" height=\"281\" src=\"https:\/\/www.youtube.com\/embed\/B_F53GH-I70?feature=oembed\" frameborder=\"0\" allow=\"accelerometer; autoplay; clipboard-write; encrypted-media; gyroscope; picture-in-picture; web-share\" referrerpolicy=\"strict-origin-when-cross-origin\" allowfullscreen><\/iframe><\/p>\n<p><iframe loading=\"lazy\" title=\"Teatralne ABC-Bajkowe warsztaty dla ma\u0142ych artyst\u00f3w-PODSUMOWANIE\" width=\"500\" height=\"281\" src=\"https:\/\/www.youtube.com\/embed\/YABAkRUDiW8?feature=oembed\" frameborder=\"0\" allow=\"accelerometer; autoplay; clipboard-write; encrypted-media; gyroscope; picture-in-picture; web-share\" referrerpolicy=\"strict-origin-when-cross-origin\" allowfullscreen><\/iframe><\/p>\n<p style=\"font-weight: 400\">\n<p style=\"font-weight: 400\">\n<p style=\"font-weight: 400\">\n<p style=\"font-weight: 400\"><strong><span style=\"font-size: 18pt;font-family: 'comic sans ms', sans-serif\">Zach\u0119camy Pa\u0144stwa do \u015bledzenia, subskrypcji naszego kana\u0142u na Youtube, oraz polubienia naszego profilu na Facebooku.<\/span><\/strong><\/p>\n<p style=\"font-weight: 400\"><strong><span style=\"font-size: 18pt;font-family: 'comic sans ms', sans-serif\"><a href=\"https:\/\/www.facebook.com\/TeatrMoichMarzen\" data-saferedirecturl=\"https:\/\/www.google.com\/url?q=https:\/\/www.facebook.com\/TeatrMoichMarzen&amp;source=gmail&amp;ust=1603621232226000&amp;usg=AFQjCNGT0hVJURjnuW-1a2EKIMpB1b6okw\">https:\/\/www.facebook.com\/TeatrMoichMarzen<\/a><\/span><\/strong><\/p>\n<p>&nbsp;<\/p>\n<p>&nbsp;<\/p>\n<p style=\"font-weight: 400\"><span style=\"font-size: 18pt;font-family: 'comic sans ms', sans-serif;color: #ff6600\"><strong>Co tydzie\u0144 b\u0119dzie pojawia\u0142 si\u0119 nowy odcinek naszych warsztat\u00f3w m.in.: taniec, \u015bpiew, dykcja, teatr cieni i wiele, wiele innych.<\/strong><\/span><\/p>\n<p style=\"font-weight: 400\"><span style=\"font-size: 18pt;font-family: 'comic sans ms', sans-serif;color: #ff6600\">Prosimy o udost\u0119pnianie projektu na stronach Pa\u0144stwa Plac\u00f3wek, Rodzicom, aby jak najwi\u0119ksza liczba dzieci mog\u0142a prze\u017cy\u0107 z Nami t\u0119 wspania\u0142\u0105 przygod\u0119.<\/span><\/p>\n<p>&nbsp;<\/p>\n<p><img loading=\"lazy\" decoding=\"async\" class=\"alignnone size-full wp-image-2538\" src=\"https:\/\/przedszkole18.edu.wroclaw.pl\/wp-content\/uploads\/sites\/36\/2020\/10\/unnamed-2.png\" alt=\"\" width=\"549\" height=\"309\" \/><\/p>\n<p>&nbsp;<\/p>\n<p style=\"font-weight: 400\"><span style=\"font-size: 18pt;font-family: 'comic sans ms', sans-serif;color: #ff6600\">Wierzymy, \u017ce ju\u017c wkr\u00f3tce wr\u00f3cimy do normalno\u015bci i wszyscy tak bardzo spragnieni dobrej sztuki, b\u0119dziemy mogli spotka\u0107 si\u0119 na naszych musicalach bez obaw o zdrowie nasze i naszych bliskich.<\/span><\/p>\n<p>&nbsp;<\/p>\n<p>&nbsp;<\/p>\n<p style=\"font-weight: 400\"><span style=\"font-size: 18pt;font-family: 'comic sans ms', sans-serif;color: #ff6600\">Jesieni\u0105 zapraszamy na musical\u00a0<strong>\u201eO kocie w butach przy weso\u0142ych nutach\u201d.<\/strong><\/span><\/p>\n<p>&nbsp;<\/p>\n<p>&nbsp;<\/p>\n<p style=\"font-weight: 400\"><span style=\"font-size: 18pt;font-family: 'comic sans ms', sans-serif;color: #ff6600\">Natomiast wiosn\u0105 nasza wielka premiera, nowy musical pt.<strong>\u201d Maja ratuje planet\u0119\u201d<\/strong>\u00a0, m\u00f3wi\u0105cy o problemach zwi\u0105zanych z ekologi\u0105, ukazuj\u0105cy jak dzieci maj\u0105 ogromny wp\u0142yw na nasz\u0105 planet\u0119 i jej rozw\u00f3j.<\/span><\/p>\n<p>&nbsp;<\/p>\n<p>&nbsp;<\/p>\n<p style=\"font-weight: 400\"><span style=\"font-size: 18pt;font-family: 'comic sans ms', sans-serif;color: #ff6600\">Mamy nadziej\u0119, \u017ce w sytuacji gdyby nauka naszych dzieci mia\u0142a przej\u015b\u0107 na system zdalnego nauczania, chocia\u017c w ten spos\u00f3b b\u0119d\u0105 one mia\u0142y mo\u017cliwo\u015b\u0107 kontaktu z jak\u017ce wa\u017cn\u0105 dziedzin\u0105 naszego \u017cycia, jak\u0105 jest Kultura.<\/span><\/p>\n<p>&nbsp;<\/p>\n<p>&nbsp;<\/p>\n<p style=\"font-weight: 400\"><span style=\"font-size: 18pt;font-family: 'comic sans ms', sans-serif;color: #ff6600\">Projekt zosta\u0142 dofinansowany ze \u015brodk\u00f3w Narodowego Centrum Kultury w ramach projektu &#8222;Kultura w sieci&#8221;.<\/span><\/p>\n<p><span style=\"font-size: 18pt;font-family: 'comic sans ms', sans-serif\">&#8212;\u00a0<\/span><\/p>\n<p><span style=\"font-size: 18pt;font-family: 'comic sans ms', sans-serif\">Z powa\u017caniem<\/span><br \/>\n<span style=\"font-size: 18pt;font-family: 'comic sans ms', sans-serif\">Dagmara Zawadzka<\/span><br \/>\n<span style=\"font-size: 18pt;font-family: 'comic sans ms', sans-serif\">Biuro Obs\u0142ugi Widza<\/span><br \/>\n<span style=\"font-size: 18pt;font-family: 'comic sans ms', sans-serif\">tel: 690-003-496<\/span><br \/>\n<span style=\"font-size: 18pt;font-family: 'comic sans ms', sans-serif\">\u00a0<\/span><br \/>\n<span style=\"font-size: 18pt;font-family: 'comic sans ms', sans-serif\">Teatr Moich Marze\u0144<\/span><br \/>\n<span style=\"font-size: 18pt;font-family: 'comic sans ms', sans-serif\">Ewelina Tabaka<\/span><br \/>\n<span style=\"font-size: 18pt;font-family: 'comic sans ms', sans-serif\">ul. Rodzinna 4\/8<\/span><br \/>\n<span style=\"font-size: 18pt;font-family: 'comic sans ms', sans-serif\">41-500 Chorz\u00f3w<\/span><\/p>\n<p><span style=\"font-size: 18pt;font-family: 'comic sans ms', sans-serif\"><a href=\"http:\/\/teatrmoichmarzen.pl\/\" data-saferedirecturl=\"https:\/\/www.google.com\/url?q=http:\/\/teatrmoichmarzen.pl&amp;source=gmail&amp;ust=1603621232226000&amp;usg=AFQjCNENNftnud3ya0VCvHPEhjV3dvtmHA\">http:\/\/teatrmoichmarzen.pl<\/a><\/span><br \/>\n<span style=\"font-size: 18pt;font-family: 'comic sans ms', sans-serif\"><a href=\"http:\/\/facebook.pl\/TeatrMoichMarze%C5%84\" data-saferedirecturl=\"https:\/\/www.google.com\/url?q=http:\/\/facebook.pl\/TeatrMoichMarze%C5%84&amp;source=gmail&amp;ust=1603621232226000&amp;usg=AFQjCNETlkmHoRNLzJ4u9yOxLYWf7v3rVw\">http:\/\/facebook.pl\/TeatrMoichMarze\u0144<\/a><\/span><\/p>\n","protected":false},"excerpt":{"rendered":"<p>Zapraszamy na nieodp\u0142atne Warsztaty Teatralne dla dzieci. Drodzy rodzice, Pomimo trudnej sytuacji zwi\u0105zanej z pandemi\u0105 COVID-19 Teatr Moich Marze\u0144 wraz z Fundacj\u0105 Ambasada Kultury i Sztuki, ma zaszczyt realizowa\u0107 fantastyczny [&hellip;]<\/p>\n","protected":false},"author":102,"featured_media":2539,"comment_status":"closed","ping_status":"closed","sticky":false,"template":"","format":"standard","meta":{"ngg_post_thumbnail":0,"footnotes":""},"categories":[3],"tags":[],"class_list":["post-2525","post","type-post","status-publish","format-standard","has-post-thumbnail","hentry","category-aktualnosci","clearfix"],"_links":{"self":[{"href":"https:\/\/przedszkole18.edu.wroclaw.pl\/index.php\/wp-json\/wp\/v2\/posts\/2525","targetHints":{"allow":["GET"]}}],"collection":[{"href":"https:\/\/przedszkole18.edu.wroclaw.pl\/index.php\/wp-json\/wp\/v2\/posts"}],"about":[{"href":"https:\/\/przedszkole18.edu.wroclaw.pl\/index.php\/wp-json\/wp\/v2\/types\/post"}],"author":[{"embeddable":true,"href":"https:\/\/przedszkole18.edu.wroclaw.pl\/index.php\/wp-json\/wp\/v2\/users\/102"}],"replies":[{"embeddable":true,"href":"https:\/\/przedszkole18.edu.wroclaw.pl\/index.php\/wp-json\/wp\/v2\/comments?post=2525"}],"version-history":[{"count":1,"href":"https:\/\/przedszkole18.edu.wroclaw.pl\/index.php\/wp-json\/wp\/v2\/posts\/2525\/revisions"}],"predecessor-version":[{"id":2540,"href":"https:\/\/przedszkole18.edu.wroclaw.pl\/index.php\/wp-json\/wp\/v2\/posts\/2525\/revisions\/2540"}],"wp:featuredmedia":[{"embeddable":true,"href":"https:\/\/przedszkole18.edu.wroclaw.pl\/index.php\/wp-json\/wp\/v2\/media\/2539"}],"wp:attachment":[{"href":"https:\/\/przedszkole18.edu.wroclaw.pl\/index.php\/wp-json\/wp\/v2\/media?parent=2525"}],"wp:term":[{"taxonomy":"category","embeddable":true,"href":"https:\/\/przedszkole18.edu.wroclaw.pl\/index.php\/wp-json\/wp\/v2\/categories?post=2525"},{"taxonomy":"post_tag","embeddable":true,"href":"https:\/\/przedszkole18.edu.wroclaw.pl\/index.php\/wp-json\/wp\/v2\/tags?post=2525"}],"curies":[{"name":"wp","href":"https:\/\/api.w.org\/{rel}","templated":true}]}}