
{"id":2544,"date":"2020-10-26T21:29:48","date_gmt":"2020-10-26T20:29:48","guid":{"rendered":"https:\/\/przedszkole18.edu.wroclaw.pl\/?p=2544"},"modified":"2020-10-26T21:29:48","modified_gmt":"2020-10-26T20:29:48","slug":"konkurs-rodzinny-dyniowe-cudaki-edycja-ii","status":"publish","type":"post","link":"https:\/\/przedszkole18.edu.wroclaw.pl\/index.php\/2020\/10\/26\/konkurs-rodzinny-dyniowe-cudaki-edycja-ii\/","title":{"rendered":"KONKURS RODZINNY &#8222;DYNIOWE CUDAKI&#8221; &#8211; EDYCJA II"},"content":{"rendered":"<p><span style=\"font-size: 14pt\"><strong>Zach\u0119camy wszystkie dzieci wraz z rodzinami do udzia\u0142u w rodzinnym konkursie plastycznym pod has\u0142em: <\/strong><\/span><\/p>\n<p style=\"text-align: center\"><span style=\"font-size: 24pt;color: #008000\"><strong>\u201eDYNIOWE CUDAKI\u201d<\/strong><\/span><\/p>\n<p><span style=\"font-size: 14pt\"><strong> Wystawa wszystkich prac konkursowych odb\u0119dzie si\u0119 w dniach<span style=\"color: #ff0000\"> 28. 10 \u2013 06. 11 .<\/span><\/strong><\/span><br \/>\n<span style=\"font-size: 14pt\"><strong>Podpisane prace (imi\u0119 dziecka, inicja\u0142 nazwiska, grupa) prosimy pozostawi\u0107 na \u0142awce lub parapecie w przedsionku przedszkola.<\/strong><\/span><br \/>\n<span style=\"font-size: 14pt\"><strong>Liczymy na zaanga\u017cowanie i pomys\u0142owo\u015b\u0107 podczas wsp\u00f3lnej rodzinnej zabawy.<\/strong><\/span><\/p>\n","protected":false},"excerpt":{"rendered":"<p>Zach\u0119camy wszystkie dzieci wraz z rodzinami do udzia\u0142u w rodzinnym konkursie plastycznym pod has\u0142em: \u201eDYNIOWE CUDAKI\u201d Wystawa wszystkich prac konkursowych odb\u0119dzie si\u0119 w dniach 28. 10 \u2013 06. 11 . [&hellip;]<\/p>\n","protected":false},"author":108,"featured_media":2542,"comment_status":"closed","ping_status":"closed","sticky":false,"template":"","format":"standard","meta":{"ngg_post_thumbnail":0,"footnotes":""},"categories":[3],"tags":[],"class_list":["post-2544","post","type-post","status-publish","format-standard","has-post-thumbnail","hentry","category-aktualnosci","clearfix"],"_links":{"self":[{"href":"https:\/\/przedszkole18.edu.wroclaw.pl\/index.php\/wp-json\/wp\/v2\/posts\/2544","targetHints":{"allow":["GET"]}}],"collection":[{"href":"https:\/\/przedszkole18.edu.wroclaw.pl\/index.php\/wp-json\/wp\/v2\/posts"}],"about":[{"href":"https:\/\/przedszkole18.edu.wroclaw.pl\/index.php\/wp-json\/wp\/v2\/types\/post"}],"author":[{"embeddable":true,"href":"https:\/\/przedszkole18.edu.wroclaw.pl\/index.php\/wp-json\/wp\/v2\/users\/108"}],"replies":[{"embeddable":true,"href":"https:\/\/przedszkole18.edu.wroclaw.pl\/index.php\/wp-json\/wp\/v2\/comments?post=2544"}],"version-history":[{"count":1,"href":"https:\/\/przedszkole18.edu.wroclaw.pl\/index.php\/wp-json\/wp\/v2\/posts\/2544\/revisions"}],"predecessor-version":[{"id":2545,"href":"https:\/\/przedszkole18.edu.wroclaw.pl\/index.php\/wp-json\/wp\/v2\/posts\/2544\/revisions\/2545"}],"wp:featuredmedia":[{"embeddable":true,"href":"https:\/\/przedszkole18.edu.wroclaw.pl\/index.php\/wp-json\/wp\/v2\/media\/2542"}],"wp:attachment":[{"href":"https:\/\/przedszkole18.edu.wroclaw.pl\/index.php\/wp-json\/wp\/v2\/media?parent=2544"}],"wp:term":[{"taxonomy":"category","embeddable":true,"href":"https:\/\/przedszkole18.edu.wroclaw.pl\/index.php\/wp-json\/wp\/v2\/categories?post=2544"},{"taxonomy":"post_tag","embeddable":true,"href":"https:\/\/przedszkole18.edu.wroclaw.pl\/index.php\/wp-json\/wp\/v2\/tags?post=2544"}],"curies":[{"name":"wp","href":"https:\/\/api.w.org\/{rel}","templated":true}]}}