
{"id":2555,"date":"2020-10-28T10:06:25","date_gmt":"2020-10-28T09:06:25","guid":{"rendered":"https:\/\/przedszkole18.edu.wroclaw.pl\/?p=2555"},"modified":"2020-10-28T10:06:25","modified_gmt":"2020-10-28T09:06:25","slug":"informacyjnie","status":"publish","type":"post","link":"https:\/\/przedszkole18.edu.wroclaw.pl\/index.php\/2020\/10\/28\/informacyjnie\/","title":{"rendered":"Informacyjnie."},"content":{"rendered":"<p><span style=\"color: #800000\"><em><strong>Kochani !<\/strong> <\/em><\/span><\/p>\n<p><span style=\"color: #008000\"><em><strong>Szanowni Pa\u0144stwo,\u00a0 przedszkole nie jest zamkni\u0119te, a jedynie ograniczone w dzia\u0142aniu.\u00a0 Jestem\u00a0 w przedszkolu i przyjmuj\u0119 tych, kt\u00f3rzy nie mieli informacji,\u00a0 dotycz\u0105cych\u00a0 mo\u017cliwo\u015bci funkcjonowania plac\u00f3wki w dniu dzisiejszym.\u00a0 Z powodu odmowy przywiezienia towaru przez dostawc\u00f3w, rodzice zapewnili prowiant dla dzieci, zrobili\u015bmy wsp\u00f3lnie \u015bniadanie. <\/strong><\/em><\/span><\/p>\n<p><span style=\"color: #008000\"><em><strong>Teraz malujemy jesienne obrazki,\u00a0 wkr\u00f3tce wyjdziemy\u00a0 do ogrodu by skorzysta\u0107 z pi\u0119knej pogody. Zupa si\u0119 gotuje,\u00a0 zjemy zatem ciep\u0142y posi\u0142ek i mam nadzieje spokojnie\u00a0 i bez wzajemnej z\u0142o\u015bci na siebie,\u00a0 przetrwamy ten dzie\u0144.\u00a0<\/strong><\/em><\/span><\/p>\n<p><span style=\"color: #800000\"><em><strong>\u017bycz\u0119 zdrowia i dzi\u0119kuj\u0119\u00a0 za Wasze zrozumienie. Pozdrawiam Lidia Walczak-I\u017cycka \u00a0 \u00a0 <\/strong><\/em><\/span><\/p>\n","protected":false},"excerpt":{"rendered":"<p>Kochani ! Szanowni Pa\u0144stwo,\u00a0 przedszkole nie jest zamkni\u0119te, a jedynie ograniczone w dzia\u0142aniu.\u00a0 Jestem\u00a0 w przedszkolu i przyjmuj\u0119 tych, kt\u00f3rzy nie mieli informacji,\u00a0 dotycz\u0105cych\u00a0 mo\u017cliwo\u015bci funkcjonowania plac\u00f3wki w dniu dzisiejszym.\u00a0 [&hellip;]<\/p>\n","protected":false},"author":115,"featured_media":2542,"comment_status":"closed","ping_status":"closed","sticky":false,"template":"","format":"standard","meta":{"ngg_post_thumbnail":0,"footnotes":""},"categories":[3],"tags":[],"class_list":["post-2555","post","type-post","status-publish","format-standard","has-post-thumbnail","hentry","category-aktualnosci","clearfix"],"_links":{"self":[{"href":"https:\/\/przedszkole18.edu.wroclaw.pl\/index.php\/wp-json\/wp\/v2\/posts\/2555","targetHints":{"allow":["GET"]}}],"collection":[{"href":"https:\/\/przedszkole18.edu.wroclaw.pl\/index.php\/wp-json\/wp\/v2\/posts"}],"about":[{"href":"https:\/\/przedszkole18.edu.wroclaw.pl\/index.php\/wp-json\/wp\/v2\/types\/post"}],"author":[{"embeddable":true,"href":"https:\/\/przedszkole18.edu.wroclaw.pl\/index.php\/wp-json\/wp\/v2\/users\/115"}],"replies":[{"embeddable":true,"href":"https:\/\/przedszkole18.edu.wroclaw.pl\/index.php\/wp-json\/wp\/v2\/comments?post=2555"}],"version-history":[{"count":1,"href":"https:\/\/przedszkole18.edu.wroclaw.pl\/index.php\/wp-json\/wp\/v2\/posts\/2555\/revisions"}],"predecessor-version":[{"id":2556,"href":"https:\/\/przedszkole18.edu.wroclaw.pl\/index.php\/wp-json\/wp\/v2\/posts\/2555\/revisions\/2556"}],"wp:featuredmedia":[{"embeddable":true,"href":"https:\/\/przedszkole18.edu.wroclaw.pl\/index.php\/wp-json\/wp\/v2\/media\/2542"}],"wp:attachment":[{"href":"https:\/\/przedszkole18.edu.wroclaw.pl\/index.php\/wp-json\/wp\/v2\/media?parent=2555"}],"wp:term":[{"taxonomy":"category","embeddable":true,"href":"https:\/\/przedszkole18.edu.wroclaw.pl\/index.php\/wp-json\/wp\/v2\/categories?post=2555"},{"taxonomy":"post_tag","embeddable":true,"href":"https:\/\/przedszkole18.edu.wroclaw.pl\/index.php\/wp-json\/wp\/v2\/tags?post=2555"}],"curies":[{"name":"wp","href":"https:\/\/api.w.org\/{rel}","templated":true}]}}