
{"id":2561,"date":"2020-10-29T16:14:01","date_gmt":"2020-10-29T15:14:01","guid":{"rendered":"https:\/\/przedszkole18.edu.wroclaw.pl\/?p=2561"},"modified":"2020-10-29T16:16:27","modified_gmt":"2020-10-29T15:16:27","slug":"kalendarz-ze-zdjeciem-propozycja-dla-rodzicow","status":"publish","type":"post","link":"https:\/\/przedszkole18.edu.wroclaw.pl\/index.php\/2020\/10\/29\/kalendarz-ze-zdjeciem-propozycja-dla-rodzicow\/","title":{"rendered":"Kalendarz ze zdj\u0119ciem &#8211; propozycja dla rodzic\u00f3w"},"content":{"rendered":"<p><strong><span style=\"font-size: 18pt;color: #000000\">Wzorem lat ubieg\u0142ych, istnieje mo\u017cliwo\u015b\u0107\u00a0 zrobienia dzieciom kalendarza ze zdj\u0119ciem\u00a0 na rok 2021. <\/span><\/strong><\/p>\n<p><span style=\"color: #000080\"><strong><span style=\"font-size: 18pt\">Koszt kompletu (kalendarz +2 zdj\u0119cia portretowe): 28 z\u0142<\/span><\/strong><\/span><\/p>\n<p><strong><span style=\"font-size: 18pt;color: #000000\">Zainteresowanych rodzic\u00f3w prosimy o zg\u0142aszanie informacji do nauczycielek grup drog\u0105 mailow\u0105 b\u0105d\u017a za po\u015brednictwem domofonu .<\/span><\/strong><\/p>\n<p><a href=\"https:\/\/przedszkole18.edu.wroclaw.pl\/wp-content\/uploads\/sites\/36\/2020\/10\/propozycja-kalendarza-scaled-e1603983418463.jpg\"><img loading=\"lazy\" decoding=\"async\" class=\"alignnone wp-image-2560 size-large\" src=\"https:\/\/przedszkole18.edu.wroclaw.pl\/wp-content\/uploads\/sites\/36\/2020\/10\/propozycja-kalendarza-scaled-e1603983418463-768x1024.jpg\" alt=\"\" width=\"625\" height=\"833\" \/><\/a><\/p>\n","protected":false},"excerpt":{"rendered":"<p>Wzorem lat ubieg\u0142ych, istnieje mo\u017cliwo\u015b\u0107\u00a0 zrobienia dzieciom kalendarza ze zdj\u0119ciem\u00a0 na rok 2021. Koszt kompletu (kalendarz +2 zdj\u0119cia portretowe): 28 z\u0142 Zainteresowanych rodzic\u00f3w prosimy o zg\u0142aszanie informacji do nauczycielek grup [&hellip;]<\/p>\n","protected":false},"author":108,"featured_media":2565,"comment_status":"closed","ping_status":"closed","sticky":false,"template":"","format":"standard","meta":{"ngg_post_thumbnail":0,"footnotes":""},"categories":[3],"tags":[],"class_list":["post-2561","post","type-post","status-publish","format-standard","has-post-thumbnail","hentry","category-aktualnosci","clearfix"],"_links":{"self":[{"href":"https:\/\/przedszkole18.edu.wroclaw.pl\/index.php\/wp-json\/wp\/v2\/posts\/2561","targetHints":{"allow":["GET"]}}],"collection":[{"href":"https:\/\/przedszkole18.edu.wroclaw.pl\/index.php\/wp-json\/wp\/v2\/posts"}],"about":[{"href":"https:\/\/przedszkole18.edu.wroclaw.pl\/index.php\/wp-json\/wp\/v2\/types\/post"}],"author":[{"embeddable":true,"href":"https:\/\/przedszkole18.edu.wroclaw.pl\/index.php\/wp-json\/wp\/v2\/users\/108"}],"replies":[{"embeddable":true,"href":"https:\/\/przedszkole18.edu.wroclaw.pl\/index.php\/wp-json\/wp\/v2\/comments?post=2561"}],"version-history":[{"count":1,"href":"https:\/\/przedszkole18.edu.wroclaw.pl\/index.php\/wp-json\/wp\/v2\/posts\/2561\/revisions"}],"predecessor-version":[{"id":2562,"href":"https:\/\/przedszkole18.edu.wroclaw.pl\/index.php\/wp-json\/wp\/v2\/posts\/2561\/revisions\/2562"}],"wp:featuredmedia":[{"embeddable":true,"href":"https:\/\/przedszkole18.edu.wroclaw.pl\/index.php\/wp-json\/wp\/v2\/media\/2565"}],"wp:attachment":[{"href":"https:\/\/przedszkole18.edu.wroclaw.pl\/index.php\/wp-json\/wp\/v2\/media?parent=2561"}],"wp:term":[{"taxonomy":"category","embeddable":true,"href":"https:\/\/przedszkole18.edu.wroclaw.pl\/index.php\/wp-json\/wp\/v2\/categories?post=2561"},{"taxonomy":"post_tag","embeddable":true,"href":"https:\/\/przedszkole18.edu.wroclaw.pl\/index.php\/wp-json\/wp\/v2\/tags?post=2561"}],"curies":[{"name":"wp","href":"https:\/\/api.w.org\/{rel}","templated":true}]}}