
{"id":2599,"date":"2020-11-02T19:37:56","date_gmt":"2020-11-02T18:37:56","guid":{"rendered":"https:\/\/przedszkole18.edu.wroclaw.pl\/?p=2599"},"modified":"2020-11-02T19:37:56","modified_gmt":"2020-11-02T18:37:56","slug":"cykl-filmow-garazowe-historie-o-roznych-dziedzinach-kultury","status":"publish","type":"post","link":"https:\/\/przedszkole18.edu.wroclaw.pl\/index.php\/2020\/11\/02\/cykl-filmow-garazowe-historie-o-roznych-dziedzinach-kultury\/","title":{"rendered":"Cykl film\u00f3w &#8222;Gara\u017cowe historie&#8221; o r\u00f3\u017cnych dziedzinach kultury"},"content":{"rendered":"<p><img loading=\"lazy\" decoding=\"async\" class=\"alignnone size-full wp-image-2607 aligncenter\" src=\"https:\/\/przedszkole18.edu.wroclaw.pl\/wp-content\/uploads\/sites\/36\/2020\/11\/4.png\" alt=\"\" width=\"940\" height=\"788\" \/><\/p>\n<p><span style=\"font-size: 18pt;color: #008000;font-family: impact, sans-serif\">Szanowni Pa\u0144stwo,<\/span><\/p>\n<p><span style=\"font-size: 18pt;color: #008000;font-family: impact, sans-serif\">nazywam si\u0119 Anna Zad\u0119cka i reprezentuj\u0119 Fundacj\u0119 Tworzenia i Promowania Sztuki &#8211; ale\u017c Gustawie!.<\/span><\/p>\n<p>&nbsp;<\/p>\n<p><span style=\"font-size: 18pt;color: #008000;font-family: impact, sans-serif\">W ramach programu &#8222;Kultura w sieci&#8221; realizowanego dzi\u0119ki dofinansowaniu ze \u015brodk\u00f3w Narodowego Centrum Kultury stworzyli\u015bmy cykl film\u00f3w edukacyjnych pt.: &#8222;Gara\u017cowe historie&#8221; o r\u00f3\u017cnych dziedzinach kultury. Filmy zrealizowali\u015bmy z wykorzystaniem lalek teatralnych typu muppet.<\/span><\/p>\n<p><span style=\"font-size: 18pt;color: #008000;font-family: impact, sans-serif\">Nasze filmy mog\u0105 by\u0107 doskona\u0142ym narz\u0119dziem do przygotowania maluch\u00f3w do uczestnictwa w kulturze a tak\u017ce narz\u0119dziem edukacyjnym.<\/span><\/p>\n<p><span style=\"font-size: 18pt;color: #008000;font-family: impact, sans-serif\">Kierujemy je do dzieci w wieku przedszkolnym i wczesnoszkolnym.<\/span><\/p>\n<p>&nbsp;<\/p>\n<p><span style=\"font-size: 18pt;color: #008000;font-family: impact, sans-serif\">Serdecznie zapraszamy do ogl\u0105dania i korzystania z nich.<\/span><\/p>\n<p><span style=\"font-size: 18pt;color: #008000;font-family: impact, sans-serif\">Mam nadziej\u0119, \u017ce nasze filmy b\u0119d\u0105 r\u00f3wnie\u017c dla Pa\u0144stwa \u017ar\u00f3d\u0142em inspiracji do podejmowania tw\u00f3rczych dzia\u0142a\u0144:<\/span><\/p>\n<p>&nbsp;<\/p>\n<p><strong><span style=\"font-size: 18pt\">Bezpo\u015bredni link do film\u00f3w na You Tube:<\/span><\/strong><\/p>\n<p><span style=\"font-size: 18pt\">Literatura :\u00a0<\/span><\/p>\n<p><iframe loading=\"lazy\" title=\"Odcinek1 Literatura\" width=\"500\" height=\"281\" src=\"https:\/\/www.youtube.com\/embed\/YZhZJ_zPOoA?feature=oembed\" frameborder=\"0\" allow=\"accelerometer; autoplay; clipboard-write; encrypted-media; gyroscope; picture-in-picture; web-share\" referrerpolicy=\"strict-origin-when-cross-origin\" allowfullscreen><\/iframe><\/p>\n<p>&nbsp;<\/p>\n<p>&nbsp;<\/p>\n<p><span style=\"font-size: 18pt\">Filozofia:<\/span><\/p>\n<p><iframe loading=\"lazy\" title=\"Odcinek 2 - Filozofia\" width=\"500\" height=\"281\" src=\"https:\/\/www.youtube.com\/embed\/ZXDlQp_9sFU?feature=oembed\" frameborder=\"0\" allow=\"accelerometer; autoplay; clipboard-write; encrypted-media; gyroscope; picture-in-picture; web-share\" referrerpolicy=\"strict-origin-when-cross-origin\" allowfullscreen><\/iframe><\/p>\n<p>&nbsp;<\/p>\n<p>&nbsp;<\/p>\n<p><span style=\"font-size: 18pt\">Teatr:\u00a0<\/span><\/p>\n<p><iframe loading=\"lazy\" title=\"Odcinek 3 Teatr\" width=\"500\" height=\"281\" src=\"https:\/\/www.youtube.com\/embed\/Dz8VV8ewTn4?feature=oembed\" frameborder=\"0\" allow=\"accelerometer; autoplay; clipboard-write; encrypted-media; gyroscope; picture-in-picture; web-share\" referrerpolicy=\"strict-origin-when-cross-origin\" allowfullscreen><\/iframe><\/p>\n<p>&nbsp;<\/p>\n<p>&nbsp;<\/p>\n<p><span style=\"font-size: 18pt\">Malarstwo:\u00a0<\/span><\/p>\n<p><iframe loading=\"lazy\" title=\"Odcinek 4  - Malarstwo\" width=\"500\" height=\"281\" src=\"https:\/\/www.youtube.com\/embed\/VWLYCNMfIro?feature=oembed\" frameborder=\"0\" allow=\"accelerometer; autoplay; clipboard-write; encrypted-media; gyroscope; picture-in-picture; web-share\" referrerpolicy=\"strict-origin-when-cross-origin\" allowfullscreen><\/iframe><\/p>\n<p>&nbsp;<\/p>\n<p>&nbsp;<\/p>\n<p><span style=\"font-size: 18pt\">Muzyka:\u00a0<\/span><\/p>\n<p><iframe loading=\"lazy\" title=\"Odcinek 5 Muzyka\" width=\"500\" height=\"281\" src=\"https:\/\/www.youtube.com\/embed\/US8kyra2eYI?feature=oembed\" frameborder=\"0\" allow=\"accelerometer; autoplay; clipboard-write; encrypted-media; gyroscope; picture-in-picture; web-share\" referrerpolicy=\"strict-origin-when-cross-origin\" allowfullscreen><\/iframe><\/p>\n<p>&nbsp;<\/p>\n<p>&nbsp;<\/p>\n<p><span style=\"font-size: 18pt\">Taniec:\u00a0<\/span><\/p>\n<p><iframe loading=\"lazy\" title=\"Odcinek 6 Taniec\" width=\"500\" height=\"281\" src=\"https:\/\/www.youtube.com\/embed\/9RW-GN3YDz8?feature=oembed\" frameborder=\"0\" allow=\"accelerometer; autoplay; clipboard-write; encrypted-media; gyroscope; picture-in-picture; web-share\" referrerpolicy=\"strict-origin-when-cross-origin\" allowfullscreen><\/iframe><\/p>\n<p>&nbsp;<\/p>\n<p>&nbsp;<\/p>\n<p><span style=\"font-size: 18pt\">Film:<\/span><\/p>\n<p><iframe loading=\"lazy\" title=\"Odcinek 7 Film\" width=\"500\" height=\"281\" src=\"https:\/\/www.youtube.com\/embed\/n1do2nxOK9E?feature=oembed\" frameborder=\"0\" allow=\"accelerometer; autoplay; clipboard-write; encrypted-media; gyroscope; picture-in-picture; web-share\" referrerpolicy=\"strict-origin-when-cross-origin\" allowfullscreen><\/iframe><\/p>\n<p>&nbsp;<\/p>\n<p><span style=\"font-size: 18pt\">Kolejne odcinki b\u0119d\u0105 sukcesywnie dodawane na platformie You Tube, fb Fundacji (\u00a0<a href=\"https:\/\/www.facebook.com\/alezGustawie\" data-saferedirecturl=\"https:\/\/www.google.com\/url?q=https:\/\/www.facebook.com\/alezGustawie&amp;source=gmail&amp;ust=1604428010205000&amp;usg=AFQjCNHn_CMgEP1hwJEDLiUXfenUK81ydA\">https:\/\/www.facebook.com\/alezGustawie<\/a>) i stronie www (\u00a0<a href=\"http:\/\/alezgustawie.pl\/gustaw\/\" data-saferedirecturl=\"https:\/\/www.google.com\/url?q=http:\/\/alezgustawie.pl\/gustaw\/&amp;source=gmail&amp;ust=1604428010205000&amp;usg=AFQjCNEyu_qYNN_ZoTEYEZe1JapbIvmkwg\">http:\/\/alezgustawie.pl\/gustaw\/<\/a>\u00a0).<\/span><\/p>\n<p>&nbsp;<\/p>\n<p><span style=\"font-size: 18pt\">B\u0119dzie nam bardzo mi\u0142o, je\u015bli zechc\u0105 si\u0119 Pa\u0144stwo r\u00f3wnie\u017c podzieli\u0107 swoj\u0105 opini\u0105 na temat film\u00f3w.<\/span><\/p>\n<p><span style=\"font-size: 18pt\">Pozytywne dodadz\u0105 nam skrzyde\u0142 a negatywne pozwol\u0105 wyci\u0105gn\u0105\u0107 wnioski do dalszych dzia\u0142a\u0144.<\/span><\/p>\n<p>&nbsp;<\/p>\n<p><strong><span style=\"font-size: 18pt\">Informacje o projekcie:<\/span><\/strong><\/p>\n<p><span style=\"font-size: 18pt\"><a href=\"https:\/\/przedszkole18.edu.wroclaw.pl\/wp-content\/uploads\/sites\/36\/2020\/11\/5-info.doc.doc\">5 info.doc<\/a> <\/span><\/p>\n<p><span style=\"font-size: 18pt\"><a href=\"https:\/\/przedszkole18.edu.wroclaw.pl\/wp-content\/uploads\/sites\/36\/2020\/11\/6-info.docx.docx\">6 info.docx<\/a><\/span><\/p>\n<p>&nbsp;<\/p>\n","protected":false},"excerpt":{"rendered":"<p>Szanowni Pa\u0144stwo, nazywam si\u0119 Anna Zad\u0119cka i reprezentuj\u0119 Fundacj\u0119 Tworzenia i Promowania Sztuki &#8211; ale\u017c Gustawie!. &nbsp; W ramach programu &#8222;Kultura w sieci&#8221; realizowanego dzi\u0119ki dofinansowaniu ze \u015brodk\u00f3w Narodowego Centrum [&hellip;]<\/p>\n","protected":false},"author":102,"featured_media":0,"comment_status":"closed","ping_status":"closed","sticky":false,"template":"","format":"standard","meta":{"ngg_post_thumbnail":0,"footnotes":""},"categories":[3],"tags":[],"class_list":["post-2599","post","type-post","status-publish","format-standard","hentry","category-aktualnosci","clearfix"],"_links":{"self":[{"href":"https:\/\/przedszkole18.edu.wroclaw.pl\/index.php\/wp-json\/wp\/v2\/posts\/2599","targetHints":{"allow":["GET"]}}],"collection":[{"href":"https:\/\/przedszkole18.edu.wroclaw.pl\/index.php\/wp-json\/wp\/v2\/posts"}],"about":[{"href":"https:\/\/przedszkole18.edu.wroclaw.pl\/index.php\/wp-json\/wp\/v2\/types\/post"}],"author":[{"embeddable":true,"href":"https:\/\/przedszkole18.edu.wroclaw.pl\/index.php\/wp-json\/wp\/v2\/users\/102"}],"replies":[{"embeddable":true,"href":"https:\/\/przedszkole18.edu.wroclaw.pl\/index.php\/wp-json\/wp\/v2\/comments?post=2599"}],"version-history":[{"count":1,"href":"https:\/\/przedszkole18.edu.wroclaw.pl\/index.php\/wp-json\/wp\/v2\/posts\/2599\/revisions"}],"predecessor-version":[{"id":2610,"href":"https:\/\/przedszkole18.edu.wroclaw.pl\/index.php\/wp-json\/wp\/v2\/posts\/2599\/revisions\/2610"}],"wp:attachment":[{"href":"https:\/\/przedszkole18.edu.wroclaw.pl\/index.php\/wp-json\/wp\/v2\/media?parent=2599"}],"wp:term":[{"taxonomy":"category","embeddable":true,"href":"https:\/\/przedszkole18.edu.wroclaw.pl\/index.php\/wp-json\/wp\/v2\/categories?post=2599"},{"taxonomy":"post_tag","embeddable":true,"href":"https:\/\/przedszkole18.edu.wroclaw.pl\/index.php\/wp-json\/wp\/v2\/tags?post=2599"}],"curies":[{"name":"wp","href":"https:\/\/api.w.org\/{rel}","templated":true}]}}