
{"id":2634,"date":"2020-11-04T14:03:38","date_gmt":"2020-11-04T13:03:38","guid":{"rendered":"https:\/\/przedszkole18.edu.wroclaw.pl\/?p=2634"},"modified":"2020-11-04T14:33:11","modified_gmt":"2020-11-04T13:33:11","slug":"szanowni-panstwo-6","status":"publish","type":"post","link":"https:\/\/przedszkole18.edu.wroclaw.pl\/index.php\/2020\/11\/04\/szanowni-panstwo-6\/","title":{"rendered":"Szanowni Pa\u0144stwo !"},"content":{"rendered":"<p><span style=\"font-size: 14pt\"><em><strong><span style=\"color: #800000\">Na pro\u015bb\u0119 Wroc\u0142awskiego Kuratorium O\u015bwiaty, przesy\u0142am list skierowany do\u00a0 nauczycieli i rodzic\u00f3w.<\/span><\/strong><\/em><\/span><\/p>\n<p><a href=\"https:\/\/przedszkole18.edu.wroclaw.pl\/wp-content\/uploads\/sites\/36\/2020\/11\/List-Dolnoslaskiego-Kuratora-Oswiaty-z-2.11.2020-r_.pdf\">List Dolno\u015bl\u0105skiego Kuratora O\u015bwiaty z 2.11.2020 r_<\/a><\/p>\n<p><span style=\"font-size: 14pt\"><em><strong><span style=\"color: #800000\"> Pozdrawiam serdecznie Lidia Walczak-I\u017cycka<\/span> <\/strong><\/em><\/span><\/p>\n","protected":false},"excerpt":{"rendered":"<p>Na pro\u015bb\u0119 Wroc\u0142awskiego Kuratorium O\u015bwiaty, przesy\u0142am list skierowany do\u00a0 nauczycieli i rodzic\u00f3w. List Dolno\u015bl\u0105skiego Kuratora O\u015bwiaty z 2.11.2020 r_ Pozdrawiam serdecznie Lidia Walczak-I\u017cycka<\/p>\n","protected":false},"author":115,"featured_media":2461,"comment_status":"closed","ping_status":"closed","sticky":false,"template":"","format":"standard","meta":{"ngg_post_thumbnail":0,"footnotes":""},"categories":[3],"tags":[],"class_list":["post-2634","post","type-post","status-publish","format-standard","has-post-thumbnail","hentry","category-aktualnosci","clearfix"],"_links":{"self":[{"href":"https:\/\/przedszkole18.edu.wroclaw.pl\/index.php\/wp-json\/wp\/v2\/posts\/2634","targetHints":{"allow":["GET"]}}],"collection":[{"href":"https:\/\/przedszkole18.edu.wroclaw.pl\/index.php\/wp-json\/wp\/v2\/posts"}],"about":[{"href":"https:\/\/przedszkole18.edu.wroclaw.pl\/index.php\/wp-json\/wp\/v2\/types\/post"}],"author":[{"embeddable":true,"href":"https:\/\/przedszkole18.edu.wroclaw.pl\/index.php\/wp-json\/wp\/v2\/users\/115"}],"replies":[{"embeddable":true,"href":"https:\/\/przedszkole18.edu.wroclaw.pl\/index.php\/wp-json\/wp\/v2\/comments?post=2634"}],"version-history":[{"count":2,"href":"https:\/\/przedszkole18.edu.wroclaw.pl\/index.php\/wp-json\/wp\/v2\/posts\/2634\/revisions"}],"predecessor-version":[{"id":2637,"href":"https:\/\/przedszkole18.edu.wroclaw.pl\/index.php\/wp-json\/wp\/v2\/posts\/2634\/revisions\/2637"}],"wp:featuredmedia":[{"embeddable":true,"href":"https:\/\/przedszkole18.edu.wroclaw.pl\/index.php\/wp-json\/wp\/v2\/media\/2461"}],"wp:attachment":[{"href":"https:\/\/przedszkole18.edu.wroclaw.pl\/index.php\/wp-json\/wp\/v2\/media?parent=2634"}],"wp:term":[{"taxonomy":"category","embeddable":true,"href":"https:\/\/przedszkole18.edu.wroclaw.pl\/index.php\/wp-json\/wp\/v2\/categories?post=2634"},{"taxonomy":"post_tag","embeddable":true,"href":"https:\/\/przedszkole18.edu.wroclaw.pl\/index.php\/wp-json\/wp\/v2\/tags?post=2634"}],"curies":[{"name":"wp","href":"https:\/\/api.w.org\/{rel}","templated":true}]}}