
{"id":2639,"date":"2020-11-04T17:35:25","date_gmt":"2020-11-04T16:35:25","guid":{"rendered":"https:\/\/przedszkole18.edu.wroclaw.pl\/?p=2639"},"modified":"2020-11-04T17:35:25","modified_gmt":"2020-11-04T16:35:25","slug":"rodzice-dzieci-z-grupy-i","status":"publish","type":"post","link":"https:\/\/przedszkole18.edu.wroclaw.pl\/index.php\/2020\/11\/04\/rodzice-dzieci-z-grupy-i\/","title":{"rendered":"Rodzice dzieci z grupy I"},"content":{"rendered":"<p><span style=\"color: #008000;font-size: 14pt\"><em><strong>Drodzy Pa\u0144stwo !<\/strong><\/em><\/span><\/p>\n<p><em><strong><span style=\"color: #0000ff\"><span style=\"color: #800080;font-size: 14pt\">W pi\u0105tek\u00a0 6 listopada w sali grupy I,\u00a0 b\u0119dzie usuwana awaria\u00a0 instalacji centralnego ogrzewania.\u00a0 Z tego te\u017c wzgl\u0119du, zmuszona jestem przenie\u015b\u0107 dzieci\u00a0 na czas usuwania awarii\u00a0 do mniejszej sali zabaw.\u00a0 Moja pro\u015bba.\u00a0 Je\u017celi jeste\u015bcie w domu tego dnia, b\u0105d\u017a pracujecie zdalnie i mo\u017cecie zostawi\u0107 dzieci w domu,\u00a0 to\u00a0 prosz\u0119 z <\/span><span style=\"color: #800080\">t<\/span><span style=\"color: #800080;font-size: 14pt\">ego skorzysta\u0107, je\u017celi nie, to oczywi\u015bcie zapraszam\u00a0 b\u0119dziemy sobie radzi\u0107.\u00a0<\/span><\/span><\/strong><\/em><\/p>\n<p><span style=\"font-size: 14pt\"><em><strong><span style=\"color: #0000ff\"><span style=\"color: #008000\"> Pozdrawiam i pozostaj\u0119 do dyspozycji\u00a0 tel: 728520159\u00a0\u00a0 Dyrektor plac\u00f3wki.\u00a0 Lidia Walczak-I\u017cycka <\/span>\u00a0 \u00a0<\/span> <\/strong><\/em><\/span><\/p>\n","protected":false},"excerpt":{"rendered":"<p>Drodzy Pa\u0144stwo ! W pi\u0105tek\u00a0 6 listopada w sali grupy I,\u00a0 b\u0119dzie usuwana awaria\u00a0 instalacji centralnego ogrzewania.\u00a0 Z tego te\u017c wzgl\u0119du, zmuszona jestem przenie\u015b\u0107 dzieci\u00a0 na czas usuwania awarii\u00a0 do [&hellip;]<\/p>\n","protected":false},"author":115,"featured_media":2461,"comment_status":"closed","ping_status":"closed","sticky":false,"template":"","format":"standard","meta":{"ngg_post_thumbnail":0,"footnotes":""},"categories":[3],"tags":[],"class_list":["post-2639","post","type-post","status-publish","format-standard","has-post-thumbnail","hentry","category-aktualnosci","clearfix"],"_links":{"self":[{"href":"https:\/\/przedszkole18.edu.wroclaw.pl\/index.php\/wp-json\/wp\/v2\/posts\/2639","targetHints":{"allow":["GET"]}}],"collection":[{"href":"https:\/\/przedszkole18.edu.wroclaw.pl\/index.php\/wp-json\/wp\/v2\/posts"}],"about":[{"href":"https:\/\/przedszkole18.edu.wroclaw.pl\/index.php\/wp-json\/wp\/v2\/types\/post"}],"author":[{"embeddable":true,"href":"https:\/\/przedszkole18.edu.wroclaw.pl\/index.php\/wp-json\/wp\/v2\/users\/115"}],"replies":[{"embeddable":true,"href":"https:\/\/przedszkole18.edu.wroclaw.pl\/index.php\/wp-json\/wp\/v2\/comments?post=2639"}],"version-history":[{"count":1,"href":"https:\/\/przedszkole18.edu.wroclaw.pl\/index.php\/wp-json\/wp\/v2\/posts\/2639\/revisions"}],"predecessor-version":[{"id":2640,"href":"https:\/\/przedszkole18.edu.wroclaw.pl\/index.php\/wp-json\/wp\/v2\/posts\/2639\/revisions\/2640"}],"wp:featuredmedia":[{"embeddable":true,"href":"https:\/\/przedszkole18.edu.wroclaw.pl\/index.php\/wp-json\/wp\/v2\/media\/2461"}],"wp:attachment":[{"href":"https:\/\/przedszkole18.edu.wroclaw.pl\/index.php\/wp-json\/wp\/v2\/media?parent=2639"}],"wp:term":[{"taxonomy":"category","embeddable":true,"href":"https:\/\/przedszkole18.edu.wroclaw.pl\/index.php\/wp-json\/wp\/v2\/categories?post=2639"},{"taxonomy":"post_tag","embeddable":true,"href":"https:\/\/przedszkole18.edu.wroclaw.pl\/index.php\/wp-json\/wp\/v2\/tags?post=2639"}],"curies":[{"name":"wp","href":"https:\/\/api.w.org\/{rel}","templated":true}]}}