
{"id":2693,"date":"2020-11-08T19:26:24","date_gmt":"2020-11-08T18:26:24","guid":{"rendered":"https:\/\/przedszkole18.edu.wroclaw.pl\/?p=2693"},"modified":"2020-11-08T20:30:26","modified_gmt":"2020-11-08T19:30:26","slug":"zaglosuj-na-chor-wiolinka","status":"publish","type":"post","link":"https:\/\/przedszkole18.edu.wroclaw.pl\/index.php\/2020\/11\/08\/zaglosuj-na-chor-wiolinka\/","title":{"rendered":"Zag\u0142osuj na ch\u00f3r &#8222;Wiolinka&#8221;!"},"content":{"rendered":"<p><strong>Szanowni Pa\u0144stwo, Drodzy Rodzice,<\/strong><\/p>\n<p>mi\u0142o nam poinformowa\u0107, \u017ce nagranie piosenki &#8222;Jeste\u015bmy Polk\u0105 i Polakiem&#8221; w wykonaniu przedszkolnego ch\u00f3ru przygotowanego przez pan\u00f3w Paw\u0142a i Filipa, zosta\u0142o zakwalifikowane do Og\u00f3lnopolskiego Konkursu Piosenki Patriotycznej &#8222;Ka\u017cdy Polak gra i \u015bpiewa Polsce&#8221;, organizowanego przez MDK &#8222;Dom Harcerza&#8221;\u00a0 w Krakowie. Na tegoroczn\u0105 edycj\u0119 konkursu zosta\u0142o nades\u0142anych ponad p\u00f3\u0142 tysi\u0105ca zg\u0142osze\u0144 w trzech kategoriach wiekowych! W oczekiwaniu na werdykt jury, organizatorzy prezentuj\u0105 zakwalifikowane nagrania i zapraszaj\u0105 do internetowego g\u0142osowania na nagrod\u0119 publiczno\u015bci.<\/p>\n<p>Zach\u0119camy wszystkich Pa\u0144stwa do wspierania naszych Ma\u0142ych Artyst\u00f3w, poprzez oddanie swojego g\u0142osu w formularzu internetowym na stronie organizator\u00f3w, gdzie r\u00f3wnie\u017c mo\u017cna zobaczy\u0107 wyst\u0119p ch\u00f3ru.<\/p>\n<p><strong>Aby wej\u015b\u0107 na stron\u0119, nale\u017cy wpisa\u0107 sw\u00f3j adres mailowy. Wa\u017cny g\u0142os mo\u017cna odda\u0107 tylko raz.<\/strong><\/p>\n<p>Link do g\u0142osowania: <a href=\"https:\/\/docs.google.com\/forms\/d\/e\/1FAIpQLSfEvv3qP-TJWo12kBKGMhKiPXYHXaGaVLlqN6gMIDE7aBGhLQ\/formResponse\">https:\/\/docs.google.com\/forms\/d\/e\/1FAIpQLSfEvv3qP-TJWo12kBKGMhKiPXYHXaGaVLlqN6gMIDE7aBGhLQ\/formResponse<\/a><\/p>\n<p>&nbsp;<\/p>\n<p><strong>Uwaga! Nagranie &#8222;Wiolinka&#8221; i lista do g\u0142osowania znajduj\u0105 si\u0119 na ostatniej stronie.<\/strong><\/p>\n<p>&nbsp;<\/p>\n","protected":false},"excerpt":{"rendered":"<p>Szanowni Pa\u0144stwo, Drodzy Rodzice, mi\u0142o nam poinformowa\u0107, \u017ce nagranie piosenki &#8222;Jeste\u015bmy Polk\u0105 i Polakiem&#8221; w wykonaniu przedszkolnego ch\u00f3ru przygotowanego przez pan\u00f3w Paw\u0142a i Filipa, zosta\u0142o zakwalifikowane do Og\u00f3lnopolskiego Konkursu Piosenki [&hellip;]<\/p>\n","protected":false},"author":105,"featured_media":0,"comment_status":"closed","ping_status":"closed","sticky":false,"template":"","format":"standard","meta":{"ngg_post_thumbnail":0,"footnotes":""},"categories":[3],"tags":[],"class_list":["post-2693","post","type-post","status-publish","format-standard","hentry","category-aktualnosci","clearfix"],"_links":{"self":[{"href":"https:\/\/przedszkole18.edu.wroclaw.pl\/index.php\/wp-json\/wp\/v2\/posts\/2693","targetHints":{"allow":["GET"]}}],"collection":[{"href":"https:\/\/przedszkole18.edu.wroclaw.pl\/index.php\/wp-json\/wp\/v2\/posts"}],"about":[{"href":"https:\/\/przedszkole18.edu.wroclaw.pl\/index.php\/wp-json\/wp\/v2\/types\/post"}],"author":[{"embeddable":true,"href":"https:\/\/przedszkole18.edu.wroclaw.pl\/index.php\/wp-json\/wp\/v2\/users\/105"}],"replies":[{"embeddable":true,"href":"https:\/\/przedszkole18.edu.wroclaw.pl\/index.php\/wp-json\/wp\/v2\/comments?post=2693"}],"version-history":[{"count":5,"href":"https:\/\/przedszkole18.edu.wroclaw.pl\/index.php\/wp-json\/wp\/v2\/posts\/2693\/revisions"}],"predecessor-version":[{"id":2699,"href":"https:\/\/przedszkole18.edu.wroclaw.pl\/index.php\/wp-json\/wp\/v2\/posts\/2693\/revisions\/2699"}],"wp:attachment":[{"href":"https:\/\/przedszkole18.edu.wroclaw.pl\/index.php\/wp-json\/wp\/v2\/media?parent=2693"}],"wp:term":[{"taxonomy":"category","embeddable":true,"href":"https:\/\/przedszkole18.edu.wroclaw.pl\/index.php\/wp-json\/wp\/v2\/categories?post=2693"},{"taxonomy":"post_tag","embeddable":true,"href":"https:\/\/przedszkole18.edu.wroclaw.pl\/index.php\/wp-json\/wp\/v2\/tags?post=2693"}],"curies":[{"name":"wp","href":"https:\/\/api.w.org\/{rel}","templated":true}]}}