
{"id":2703,"date":"2020-11-08T21:05:34","date_gmt":"2020-11-08T20:05:34","guid":{"rendered":"https:\/\/przedszkole18.edu.wroclaw.pl\/?p=2703"},"modified":"2020-11-08T21:09:32","modified_gmt":"2020-11-08T20:09:32","slug":"konkurs-plastyczny-ten-magiczny-czas","status":"publish","type":"post","link":"https:\/\/przedszkole18.edu.wroclaw.pl\/index.php\/2020\/11\/08\/konkurs-plastyczny-ten-magiczny-czas\/","title":{"rendered":"KONKURS PLASTYCZNY &#8222;TEN MAGICZNY CZAS&#8221;"},"content":{"rendered":"<p><span style=\"color: #000000\"><strong><span style=\"font-size: 14pt\">Dobieg\u0142 ko\u0144ca etap przedszkolny\u00a0 Konkursu Plastycznego &#8222;TEN MAGICZNY CZAS&#8221;.<\/span><\/strong><\/span><\/p>\n<p><span style=\"color: #000000\"><strong><span style=\"font-size: 14pt\">Nasz\u0105 plac\u00f3wk\u0119, na szczeblu og\u00f3lnopolskim, reprezentowa\u0107 b\u0119d\u0105 prace nast\u0119puj\u0105cych dzieci :<\/span><\/strong><\/span><\/p>\n<ul>\n<li><strong><span style=\"color: #000080;font-size: 18pt\">Kacper A &#8211; grupa III<\/span><\/strong><\/li>\n<li><strong><span style=\"color: #000080;font-size: 18pt\">Franciszek G &#8211; grupa III a<\/span><\/strong><\/li>\n<li><strong><span style=\"color: #000080;font-size: 18pt\">Jerzy F &#8211; grupa IV a<\/span><\/strong><\/li>\n<\/ul>\n<p><a href=\"https:\/\/przedszkole18.edu.wroclaw.pl\/wp-content\/uploads\/sites\/36\/2020\/11\/Kacper-A-III-scaled-e1604864343129.jpg\"><img loading=\"lazy\" decoding=\"async\" class=\"alignnone wp-image-2702 size-medium\" src=\"https:\/\/przedszkole18.edu.wroclaw.pl\/wp-content\/uploads\/sites\/36\/2020\/11\/Kacper-A-III-scaled-e1604864343129-225x300.jpg\" alt=\"\" width=\"225\" height=\"300\" \/><\/a><a href=\"https:\/\/przedszkole18.edu.wroclaw.pl\/wp-content\/uploads\/sites\/36\/2020\/11\/Jerzy-F-IVa-scaled-e1604864315644.jpg\"><img loading=\"lazy\" decoding=\"async\" class=\"alignnone size-medium wp-image-2701\" src=\"https:\/\/przedszkole18.edu.wroclaw.pl\/wp-content\/uploads\/sites\/36\/2020\/11\/Jerzy-F-IVa-scaled-e1604864315644-225x300.jpg\" alt=\"\" width=\"225\" height=\"300\" \/><\/a><a href=\"https:\/\/przedszkole18.edu.wroclaw.pl\/wp-content\/uploads\/sites\/36\/2020\/11\/Franciszek-G-III-a-scaled.jpg\"><img loading=\"lazy\" decoding=\"async\" class=\"alignnone size-medium wp-image-2700\" src=\"https:\/\/przedszkole18.edu.wroclaw.pl\/wp-content\/uploads\/sites\/36\/2020\/11\/Franciszek-G-III-a-300x225.jpg\" alt=\"\" width=\"300\" height=\"225\" \/><\/a><\/p>\n<p><span style=\"color: #ff0000;font-size: 18pt\">Gratulujemy i \u017cyczymy powodzenia<\/span><\/p>\n<p><span style=\"color: #000000\"><strong><span style=\"font-size: 14pt\">Wszystkim uczestnikom konkursu dzi\u0119kujemy za liczny udzia\u0142, ciekawe pomys\u0142y i pi\u0119kne wykonanie prac , kt\u00f3re cieszy\u0142y oko i zdobi\u0142y\u00a0 przez wiele dni przedsionek naszego przedszkola.<\/span><\/strong><\/span><\/p>\n","protected":false},"excerpt":{"rendered":"<p>Dobieg\u0142 ko\u0144ca etap przedszkolny\u00a0 Konkursu Plastycznego &#8222;TEN MAGICZNY CZAS&#8221;. Nasz\u0105 plac\u00f3wk\u0119, na szczeblu og\u00f3lnopolskim, reprezentowa\u0107 b\u0119d\u0105 prace nast\u0119puj\u0105cych dzieci : Kacper A &#8211; grupa III Franciszek G &#8211; grupa III [&hellip;]<\/p>\n","protected":false},"author":108,"featured_media":680,"comment_status":"closed","ping_status":"closed","sticky":false,"template":"","format":"standard","meta":{"ngg_post_thumbnail":0,"footnotes":""},"categories":[3,1],"tags":[],"class_list":["post-2703","post","type-post","status-publish","format-standard","has-post-thumbnail","hentry","category-aktualnosci","category-bez-kategorii","clearfix"],"_links":{"self":[{"href":"https:\/\/przedszkole18.edu.wroclaw.pl\/index.php\/wp-json\/wp\/v2\/posts\/2703","targetHints":{"allow":["GET"]}}],"collection":[{"href":"https:\/\/przedszkole18.edu.wroclaw.pl\/index.php\/wp-json\/wp\/v2\/posts"}],"about":[{"href":"https:\/\/przedszkole18.edu.wroclaw.pl\/index.php\/wp-json\/wp\/v2\/types\/post"}],"author":[{"embeddable":true,"href":"https:\/\/przedszkole18.edu.wroclaw.pl\/index.php\/wp-json\/wp\/v2\/users\/108"}],"replies":[{"embeddable":true,"href":"https:\/\/przedszkole18.edu.wroclaw.pl\/index.php\/wp-json\/wp\/v2\/comments?post=2703"}],"version-history":[{"count":3,"href":"https:\/\/przedszkole18.edu.wroclaw.pl\/index.php\/wp-json\/wp\/v2\/posts\/2703\/revisions"}],"predecessor-version":[{"id":2706,"href":"https:\/\/przedszkole18.edu.wroclaw.pl\/index.php\/wp-json\/wp\/v2\/posts\/2703\/revisions\/2706"}],"wp:featuredmedia":[{"embeddable":true,"href":"https:\/\/przedszkole18.edu.wroclaw.pl\/index.php\/wp-json\/wp\/v2\/media\/680"}],"wp:attachment":[{"href":"https:\/\/przedszkole18.edu.wroclaw.pl\/index.php\/wp-json\/wp\/v2\/media?parent=2703"}],"wp:term":[{"taxonomy":"category","embeddable":true,"href":"https:\/\/przedszkole18.edu.wroclaw.pl\/index.php\/wp-json\/wp\/v2\/categories?post=2703"},{"taxonomy":"post_tag","embeddable":true,"href":"https:\/\/przedszkole18.edu.wroclaw.pl\/index.php\/wp-json\/wp\/v2\/tags?post=2703"}],"curies":[{"name":"wp","href":"https:\/\/api.w.org\/{rel}","templated":true}]}}