
{"id":2723,"date":"2020-11-10T10:08:44","date_gmt":"2020-11-10T09:08:44","guid":{"rendered":"https:\/\/przedszkole18.edu.wroclaw.pl\/?p=2723"},"modified":"2020-11-10T10:15:22","modified_gmt":"2020-11-10T09:15:22","slug":"swieto-niepodleglosci-w-wiolinku","status":"publish","type":"post","link":"https:\/\/przedszkole18.edu.wroclaw.pl\/index.php\/2020\/11\/10\/swieto-niepodleglosci-w-wiolinku\/","title":{"rendered":"\u015awi\u0119to Niepodleg\u0142o\u015bci w Wiolinku"},"content":{"rendered":"<p><span style=\"font-size: 14pt\"><em>Szanowni Pa\u0144stwo<\/em><\/span>,<\/p>\n<p>tradycj\u0105 sta\u0142o si\u0119 ju\u017c w naszym przedszkolu uroczyste \u015bwi\u0119towanie rocznicy odzyskania przez Polsk\u0119 niepodleg\u0142o\u015bci. Co roku z tej okazji organizowali\u015bmy koncert, na kt\u00f3rym w patriotycznym repertuarze prezentowa\u0142y si\u0119 wszystkie przedszkolne grupy, soli\u015bci-instrumentali\u015bci oraz zespo\u0142y perkusyjne. Jednak w zwi\u0105zku z sytuacj\u0105 epidemiczn\u0105 panuj\u0105c\u0105 w kraju, kt\u00f3ra wymusza na nas stosowanie si\u0119 do procedur, maj\u0105cych na celu zapewnienie nam wszystkim: Pa\u0144stwu, dzieciom i pracownikom przedszkola mo\u017cliwie maksymalnego bezpiecze\u0144stwa, podj\u0119li\u015bmy decyzj\u0119<br \/>\no rezygnacji z obchod\u00f3w \u015awi\u0119ta Niepodleg\u0142o\u015bci w dotychczasowym formacie. <strong>Nie oznacza to jednak,<br \/>\n\u017ce &#8222;Wiolinek&#8221; nie \u015bwi\u0119tuje z Niepodleg\u0142\u0105 &#8211; wr\u0119cz przeciwnie!<\/strong><\/p>\n<ul>\n<li>mali Arty\u015bci z przedszkolnego ch\u00f3ru nieustannie czekaj\u0105 na werdykt jury i wyniki plebiscytu publiczno\u015bci w konkursie &#8222;Ka\u017cdy Polak gra i \u015bpiewa Polsce&#8221; (link do g\u0142osowania publiczno\u015bci w aktualno\u015bciach),<\/li>\n<li>w \u015brod\u0119 na naszej stronie internetowej b\u0119dziecie mogli Pa\u0144stwo zobaczy\u0107, jak nasze najm\u0142odsze pociechy poradzi\u0142y sobie z wyzwaniem przygotowania bia\u0142o-czerwonych chor\u0105giewek,<\/li>\n<li>r\u00f3wnie\u017c w \u015brod\u0119 zach\u0119camy wszystkich Pa\u0144stwa do udzia\u0142u w akcji &#8222;Niepodleg\u0142a do Hymnu 2020!&#8221;. Pomimo wszechogarniaj\u0105cych trudno\u015bci, podtrzymujmy razem t\u0119 pi\u0119kn\u0105 tradycj\u0119. Wiolinkowe Starszaki ju\u017c w\u0142\u0105czy\u0142y si\u0119 do akcji, a efekty ich pracy b\u0119dziemy mogli ogl\u0105da\u0107 (i s\u0142ucha\u0107) 11. listopada punktualnie od godziny 12:00.<br \/>\nSzczeg\u00f3\u0142y akcji oraz przydatne materia\u0142y znajdziecie Pa\u0144stwo pod adresem:\u00a0<a href=\"https:\/\/niepodlegla.gov.pl\/aktualnosci\/niepodlegla-do-hymnu-2020-dolacz-do-akcji\/\">https:\/\/niepodlegla.gov.pl\/aktualnosci\/niepodlegla-do-hymnu-2020-dolacz-do-akcji\/<\/a><\/li>\n<\/ul>\n<p><img loading=\"lazy\" decoding=\"async\" class=\"aligncenter size-full wp-image-2735\" src=\"https:\/\/przedszkole18.edu.wroclaw.pl\/wp-content\/uploads\/sites\/36\/2020\/11\/niepodlegla.jpg\" alt=\"\" width=\"813\" height=\"354\" srcset=\"https:\/\/przedszkole18.edu.wroclaw.pl\/wp-content\/uploads\/sites\/36\/2020\/11\/niepodlegla.jpg 813w, https:\/\/przedszkole18.edu.wroclaw.pl\/wp-content\/uploads\/sites\/36\/2020\/11\/niepodlegla-300x131.jpg 300w, https:\/\/przedszkole18.edu.wroclaw.pl\/wp-content\/uploads\/sites\/36\/2020\/11\/niepodlegla-768x334.jpg 768w, https:\/\/przedszkole18.edu.wroclaw.pl\/wp-content\/uploads\/sites\/36\/2020\/11\/niepodlegla-600x261.jpg 600w, https:\/\/przedszkole18.edu.wroclaw.pl\/wp-content\/uploads\/sites\/36\/2020\/11\/niepodlegla-624x272.jpg 624w\" sizes=\"auto, (max-width: 813px) 100vw, 813px\" \/><\/p>\n<p><strong>Pomimo tak trudnego czasu, postarajmy si\u0119, aby ta pi\u0119kna rocznica by\u0142a naszym wsp\u00f3lnym, radosnym \u015bwi\u0119tem! <\/strong><\/p>\n<p style=\"text-align: right\">-Nauczyciele muzyki<\/p>\n","protected":false},"excerpt":{"rendered":"<p>Szanowni Pa\u0144stwo, tradycj\u0105 sta\u0142o si\u0119 ju\u017c w naszym przedszkolu uroczyste \u015bwi\u0119towanie rocznicy odzyskania przez Polsk\u0119 niepodleg\u0142o\u015bci. Co roku z tej okazji organizowali\u015bmy koncert, na kt\u00f3rym w patriotycznym repertuarze prezentowa\u0142y si\u0119 [&hellip;]<\/p>\n","protected":false},"author":105,"featured_media":0,"comment_status":"closed","ping_status":"closed","sticky":false,"template":"","format":"standard","meta":{"ngg_post_thumbnail":0,"footnotes":""},"categories":[3],"tags":[],"class_list":["post-2723","post","type-post","status-publish","format-standard","hentry","category-aktualnosci","clearfix"],"_links":{"self":[{"href":"https:\/\/przedszkole18.edu.wroclaw.pl\/index.php\/wp-json\/wp\/v2\/posts\/2723","targetHints":{"allow":["GET"]}}],"collection":[{"href":"https:\/\/przedszkole18.edu.wroclaw.pl\/index.php\/wp-json\/wp\/v2\/posts"}],"about":[{"href":"https:\/\/przedszkole18.edu.wroclaw.pl\/index.php\/wp-json\/wp\/v2\/types\/post"}],"author":[{"embeddable":true,"href":"https:\/\/przedszkole18.edu.wroclaw.pl\/index.php\/wp-json\/wp\/v2\/users\/105"}],"replies":[{"embeddable":true,"href":"https:\/\/przedszkole18.edu.wroclaw.pl\/index.php\/wp-json\/wp\/v2\/comments?post=2723"}],"version-history":[{"count":5,"href":"https:\/\/przedszkole18.edu.wroclaw.pl\/index.php\/wp-json\/wp\/v2\/posts\/2723\/revisions"}],"predecessor-version":[{"id":2736,"href":"https:\/\/przedszkole18.edu.wroclaw.pl\/index.php\/wp-json\/wp\/v2\/posts\/2723\/revisions\/2736"}],"wp:attachment":[{"href":"https:\/\/przedszkole18.edu.wroclaw.pl\/index.php\/wp-json\/wp\/v2\/media?parent=2723"}],"wp:term":[{"taxonomy":"category","embeddable":true,"href":"https:\/\/przedszkole18.edu.wroclaw.pl\/index.php\/wp-json\/wp\/v2\/categories?post=2723"},{"taxonomy":"post_tag","embeddable":true,"href":"https:\/\/przedszkole18.edu.wroclaw.pl\/index.php\/wp-json\/wp\/v2\/tags?post=2723"}],"curies":[{"name":"wp","href":"https:\/\/api.w.org\/{rel}","templated":true}]}}