
{"id":2787,"date":"2020-11-13T13:11:18","date_gmt":"2020-11-13T12:11:18","guid":{"rendered":"https:\/\/przedszkole18.edu.wroclaw.pl\/?p=2787"},"modified":"2020-11-13T13:12:23","modified_gmt":"2020-11-13T12:12:23","slug":"rodzice-4","status":"publish","type":"post","link":"https:\/\/przedszkole18.edu.wroclaw.pl\/index.php\/2020\/11\/13\/rodzice-4\/","title":{"rendered":"Rodzice!"},"content":{"rendered":"<p><span style=\"font-size: 18pt;color: #800080\"><em><strong>Drodzy Pa\u0144stwo, w imieniu\u00a0 Rady Rodzic\u00f3w przypominam,\u00a0 \u017ce du\u017cymi krokami zbli\u017ca si\u0119 <span style=\"color: #ff0000\">6 grudnia,\u00a0<\/span> wszyscy wiemy,\u00a0 kto tego dnia,\u00a0 jest wyczekiwany przez dzieci .<\/strong><\/em><\/span><\/p>\n<p><span style=\"font-size: 18pt;color: #800080\"><em><strong> Informacj\u0119 o kwocie i numer konta znajdziecie\u00a0 Pa\u0144stwo na stronie,\u00a0 w zak\u0142adce <span style=\"color: #ff0000\">Rada Rodzic\u00f3w.<\/span> <\/strong><\/em><\/span><\/p>\n<p><span style=\"font-size: 18pt;color: #800080\"><em><strong>Aby Miko\u0142aj zd\u0105\u017cy\u0142 z prezentami potrzebuje Waszego\u00a0 wsparcia. <\/strong><strong><span style=\"font-size: 14pt\">Pozdrawiam dyrektor plac\u00f3wki.<\/span> <\/strong><\/em><\/span><\/p>\n<p><img loading=\"lazy\" decoding=\"async\" class=\"alignnone size-medium wp-image-2701\" src=\"https:\/\/przedszkole18.edu.wroclaw.pl\/wp-content\/uploads\/sites\/36\/2020\/11\/Jerzy-F-IVa-scaled-e1604864315644-225x300.jpg\" alt=\"\" width=\"225\" height=\"300\" \/><\/p>\n","protected":false},"excerpt":{"rendered":"<p>Drodzy Pa\u0144stwo, w imieniu\u00a0 Rady Rodzic\u00f3w przypominam,\u00a0 \u017ce du\u017cymi krokami zbli\u017ca si\u0119 6 grudnia,\u00a0 wszyscy wiemy,\u00a0 kto tego dnia,\u00a0 jest wyczekiwany przez dzieci . Informacj\u0119 o kwocie i numer konta [&hellip;]<\/p>\n","protected":false},"author":115,"featured_media":1897,"comment_status":"closed","ping_status":"closed","sticky":false,"template":"","format":"standard","meta":{"ngg_post_thumbnail":0,"footnotes":""},"categories":[3],"tags":[],"class_list":["post-2787","post","type-post","status-publish","format-standard","has-post-thumbnail","hentry","category-aktualnosci","clearfix"],"_links":{"self":[{"href":"https:\/\/przedszkole18.edu.wroclaw.pl\/index.php\/wp-json\/wp\/v2\/posts\/2787","targetHints":{"allow":["GET"]}}],"collection":[{"href":"https:\/\/przedszkole18.edu.wroclaw.pl\/index.php\/wp-json\/wp\/v2\/posts"}],"about":[{"href":"https:\/\/przedszkole18.edu.wroclaw.pl\/index.php\/wp-json\/wp\/v2\/types\/post"}],"author":[{"embeddable":true,"href":"https:\/\/przedszkole18.edu.wroclaw.pl\/index.php\/wp-json\/wp\/v2\/users\/115"}],"replies":[{"embeddable":true,"href":"https:\/\/przedszkole18.edu.wroclaw.pl\/index.php\/wp-json\/wp\/v2\/comments?post=2787"}],"version-history":[{"count":2,"href":"https:\/\/przedszkole18.edu.wroclaw.pl\/index.php\/wp-json\/wp\/v2\/posts\/2787\/revisions"}],"predecessor-version":[{"id":2789,"href":"https:\/\/przedszkole18.edu.wroclaw.pl\/index.php\/wp-json\/wp\/v2\/posts\/2787\/revisions\/2789"}],"wp:featuredmedia":[{"embeddable":true,"href":"https:\/\/przedszkole18.edu.wroclaw.pl\/index.php\/wp-json\/wp\/v2\/media\/1897"}],"wp:attachment":[{"href":"https:\/\/przedszkole18.edu.wroclaw.pl\/index.php\/wp-json\/wp\/v2\/media?parent=2787"}],"wp:term":[{"taxonomy":"category","embeddable":true,"href":"https:\/\/przedszkole18.edu.wroclaw.pl\/index.php\/wp-json\/wp\/v2\/categories?post=2787"},{"taxonomy":"post_tag","embeddable":true,"href":"https:\/\/przedszkole18.edu.wroclaw.pl\/index.php\/wp-json\/wp\/v2\/tags?post=2787"}],"curies":[{"name":"wp","href":"https:\/\/api.w.org\/{rel}","templated":true}]}}