
{"id":2809,"date":"2020-11-18T19:30:10","date_gmt":"2020-11-18T18:30:10","guid":{"rendered":"https:\/\/przedszkole18.edu.wroclaw.pl\/?p=2809"},"modified":"2020-11-18T19:41:12","modified_gmt":"2020-11-18T18:41:12","slug":"konkurs-moj-przyjaciel-mis","status":"publish","type":"post","link":"https:\/\/przedszkole18.edu.wroclaw.pl\/index.php\/2020\/11\/18\/konkurs-moj-przyjaciel-mis\/","title":{"rendered":"KONKURS \u201eM\u00d3J PRZYJACIEL MI\u015a\u201d"},"content":{"rendered":"<p>25 listopada obchodzimy \u015awiatowy Dzie\u0144\u00a0 Pluszowego Misia.<br \/>\nProponujemy zabaw\u0119 w wykonanie \u201eMISIA\u201d.<br \/>\nTechnika i forma- zale\u017cy tylko do Was.<br \/>\nMo\u017cna wykorzysta\u0107 r\u00f3\u017cne rzeczy, kt\u00f3re macie Pa\u0144stwo w domu.<br \/>\n<strong>STW\u00d3RZCIE Z\u00a0 DZIE\u0106MI MISIE!<\/strong><br \/>\nMalowanki, wydzieranki, kola\u017ce, pluszaki oraz prace przestrzenne<br \/>\n(skarpety itp.).<br \/>\nWszystko zale\u017cy do Pa\u0144stwa pomys\u0142owo\u015bci i zaanga\u017cowania.<br \/>\n<strong>Prace nale\u017cy dostarczy\u0107 do 24 listopada do sali grupy III.<\/strong><\/p>\n","protected":false},"excerpt":{"rendered":"<p>25 listopada obchodzimy \u015awiatowy Dzie\u0144\u00a0 Pluszowego Misia. Proponujemy zabaw\u0119 w wykonanie \u201eMISIA\u201d. Technika i forma- zale\u017cy tylko do Was. Mo\u017cna wykorzysta\u0107 r\u00f3\u017cne rzeczy, kt\u00f3re macie Pa\u0144stwo w domu. STW\u00d3RZCIE Z\u00a0 [&hellip;]<\/p>\n","protected":false},"author":145,"featured_media":2813,"comment_status":"closed","ping_status":"closed","sticky":false,"template":"","format":"standard","meta":{"ngg_post_thumbnail":0,"footnotes":""},"categories":[3],"tags":[],"class_list":["post-2809","post","type-post","status-publish","format-standard","has-post-thumbnail","hentry","category-aktualnosci","clearfix"],"_links":{"self":[{"href":"https:\/\/przedszkole18.edu.wroclaw.pl\/index.php\/wp-json\/wp\/v2\/posts\/2809","targetHints":{"allow":["GET"]}}],"collection":[{"href":"https:\/\/przedszkole18.edu.wroclaw.pl\/index.php\/wp-json\/wp\/v2\/posts"}],"about":[{"href":"https:\/\/przedszkole18.edu.wroclaw.pl\/index.php\/wp-json\/wp\/v2\/types\/post"}],"author":[{"embeddable":true,"href":"https:\/\/przedszkole18.edu.wroclaw.pl\/index.php\/wp-json\/wp\/v2\/users\/145"}],"replies":[{"embeddable":true,"href":"https:\/\/przedszkole18.edu.wroclaw.pl\/index.php\/wp-json\/wp\/v2\/comments?post=2809"}],"version-history":[{"count":4,"href":"https:\/\/przedszkole18.edu.wroclaw.pl\/index.php\/wp-json\/wp\/v2\/posts\/2809\/revisions"}],"predecessor-version":[{"id":2815,"href":"https:\/\/przedszkole18.edu.wroclaw.pl\/index.php\/wp-json\/wp\/v2\/posts\/2809\/revisions\/2815"}],"wp:featuredmedia":[{"embeddable":true,"href":"https:\/\/przedszkole18.edu.wroclaw.pl\/index.php\/wp-json\/wp\/v2\/media\/2813"}],"wp:attachment":[{"href":"https:\/\/przedszkole18.edu.wroclaw.pl\/index.php\/wp-json\/wp\/v2\/media?parent=2809"}],"wp:term":[{"taxonomy":"category","embeddable":true,"href":"https:\/\/przedszkole18.edu.wroclaw.pl\/index.php\/wp-json\/wp\/v2\/categories?post=2809"},{"taxonomy":"post_tag","embeddable":true,"href":"https:\/\/przedszkole18.edu.wroclaw.pl\/index.php\/wp-json\/wp\/v2\/tags?post=2809"}],"curies":[{"name":"wp","href":"https:\/\/api.w.org\/{rel}","templated":true}]}}