
{"id":2872,"date":"2020-11-29T18:32:53","date_gmt":"2020-11-29T17:32:53","guid":{"rendered":"https:\/\/przedszkole18.edu.wroclaw.pl\/?p=2872"},"modified":"2020-11-29T18:32:53","modified_gmt":"2020-11-29T17:32:53","slug":"kartki-swiateczne-od-przedszkolakow","status":"publish","type":"post","link":"https:\/\/przedszkole18.edu.wroclaw.pl\/index.php\/2020\/11\/29\/kartki-swiateczne-od-przedszkolakow\/","title":{"rendered":"Kartki \u015bwi\u0105teczne od przedszkolak\u00f3w"},"content":{"rendered":"<p><span style=\"font-size: 14pt\"><strong><span style=\"color: #000080\">Szanowni Pa\u0144stwo,<\/span><\/strong><\/span><\/p>\n<p><span style=\"font-size: 14pt\"><strong><span style=\"color: #000080\">W okresie nadchodz\u0105cych \u015awi\u0105t Bo\u017cego Narodzenia, w tak trudnym w zwi\u0105zku z epidemi\u0105 czasie, wa\u017cne jest\u00a0 dla nas wszystkich aby nikt nie pozosta\u0142 sam. Zach\u0119camy serdecznie by w\u0142\u0105czy\u0107 si\u0119 w akcj\u0119 przygotowania przez dzieci \u015bwi\u0105tecznych kartek w ramach dzia\u0142a\u0144 Caritas &#8222;Paczka dla seniora&#8221;.<\/span><\/strong><\/span><\/p>\n<p><span style=\"font-size: 14pt\"><strong><span style=\"color: #000080\">Ka\u017cdy przedszkolak mo\u017ce przygotowa\u0107 w domu,\u00a0 z Pa\u0144stwa pomoc\u0105,\u00a0 kartk\u0119 \u015bwi\u0105teczn\u0105 z \u017cyczeniami i dostarczy\u0107 j\u0105 do przedszkola do pi\u0105tku (4. 12). Wszystkie kartki zostan\u0105 przekazane do biura Caritas a nast\u0119pnie do\u0142\u0105czone do paczek\u00a0 dla starszych os\u00f3b potrzebuj\u0105cych pomocy.<\/span><\/strong><\/span><\/p>\n<p><span style=\"font-size: 14pt\"><strong><span style=\"color: #000080\">Zach\u0119camy do udzia\u0142u w akcji.<\/span><\/strong><\/span><\/p>\n","protected":false},"excerpt":{"rendered":"<p>Szanowni Pa\u0144stwo, W okresie nadchodz\u0105cych \u015awi\u0105t Bo\u017cego Narodzenia, w tak trudnym w zwi\u0105zku z epidemi\u0105 czasie, wa\u017cne jest\u00a0 dla nas wszystkich aby nikt nie pozosta\u0142 sam. Zach\u0119camy serdecznie by w\u0142\u0105czy\u0107 [&hellip;]<\/p>\n","protected":false},"author":108,"featured_media":0,"comment_status":"closed","ping_status":"closed","sticky":false,"template":"","format":"standard","meta":{"ngg_post_thumbnail":0,"footnotes":""},"categories":[3,1],"tags":[],"class_list":["post-2872","post","type-post","status-publish","format-standard","hentry","category-aktualnosci","category-bez-kategorii","clearfix"],"_links":{"self":[{"href":"https:\/\/przedszkole18.edu.wroclaw.pl\/index.php\/wp-json\/wp\/v2\/posts\/2872","targetHints":{"allow":["GET"]}}],"collection":[{"href":"https:\/\/przedszkole18.edu.wroclaw.pl\/index.php\/wp-json\/wp\/v2\/posts"}],"about":[{"href":"https:\/\/przedszkole18.edu.wroclaw.pl\/index.php\/wp-json\/wp\/v2\/types\/post"}],"author":[{"embeddable":true,"href":"https:\/\/przedszkole18.edu.wroclaw.pl\/index.php\/wp-json\/wp\/v2\/users\/108"}],"replies":[{"embeddable":true,"href":"https:\/\/przedszkole18.edu.wroclaw.pl\/index.php\/wp-json\/wp\/v2\/comments?post=2872"}],"version-history":[{"count":1,"href":"https:\/\/przedszkole18.edu.wroclaw.pl\/index.php\/wp-json\/wp\/v2\/posts\/2872\/revisions"}],"predecessor-version":[{"id":2874,"href":"https:\/\/przedszkole18.edu.wroclaw.pl\/index.php\/wp-json\/wp\/v2\/posts\/2872\/revisions\/2874"}],"wp:attachment":[{"href":"https:\/\/przedszkole18.edu.wroclaw.pl\/index.php\/wp-json\/wp\/v2\/media?parent=2872"}],"wp:term":[{"taxonomy":"category","embeddable":true,"href":"https:\/\/przedszkole18.edu.wroclaw.pl\/index.php\/wp-json\/wp\/v2\/categories?post=2872"},{"taxonomy":"post_tag","embeddable":true,"href":"https:\/\/przedszkole18.edu.wroclaw.pl\/index.php\/wp-json\/wp\/v2\/tags?post=2872"}],"curies":[{"name":"wp","href":"https:\/\/api.w.org\/{rel}","templated":true}]}}