
{"id":2876,"date":"2020-11-29T18:45:38","date_gmt":"2020-11-29T17:45:38","guid":{"rendered":"https:\/\/przedszkole18.edu.wroclaw.pl\/?p=2876"},"modified":"2020-11-29T18:45:38","modified_gmt":"2020-11-29T17:45:38","slug":"stomatolog","status":"publish","type":"post","link":"https:\/\/przedszkole18.edu.wroclaw.pl\/index.php\/2020\/11\/29\/stomatolog\/","title":{"rendered":"STOMATOLOG"},"content":{"rendered":"<p><strong><span style=\"color: #000000;font-size: 18pt\">We wtorek 1 grudnia , w ramach programu profilaktyki pr\u00f3chnicy z\u0119b\u00f3w mlecznych u dzieci w wieku przedszkolnym,\u00a0 nasze przedszkolaki odwiedzi stomatolog z kliniki stomatologii ARTIDENT . <\/span><\/strong><\/p>\n<p><strong><span style=\"color: #ff0000;font-size: 18pt\">Spotkanie odb\u0119dzie si\u0119 z zachowaniem zasad pe\u0142nego re\u017cimu sanitarnego.<\/span><\/strong><\/p>\n<p><strong><span style=\"font-size: 18pt;color: #000000\">Serdecznie zapraszamy wszystkie dzieci<\/span><\/strong><\/p>\n","protected":false},"excerpt":{"rendered":"<p>We wtorek 1 grudnia , w ramach programu profilaktyki pr\u00f3chnicy z\u0119b\u00f3w mlecznych u dzieci w wieku przedszkolnym,\u00a0 nasze przedszkolaki odwiedzi stomatolog z kliniki stomatologii ARTIDENT . Spotkanie odb\u0119dzie si\u0119 z [&hellip;]<\/p>\n","protected":false},"author":108,"featured_media":2875,"comment_status":"closed","ping_status":"closed","sticky":false,"template":"","format":"standard","meta":{"ngg_post_thumbnail":0,"footnotes":""},"categories":[3],"tags":[],"class_list":["post-2876","post","type-post","status-publish","format-standard","has-post-thumbnail","hentry","category-aktualnosci","clearfix"],"_links":{"self":[{"href":"https:\/\/przedszkole18.edu.wroclaw.pl\/index.php\/wp-json\/wp\/v2\/posts\/2876","targetHints":{"allow":["GET"]}}],"collection":[{"href":"https:\/\/przedszkole18.edu.wroclaw.pl\/index.php\/wp-json\/wp\/v2\/posts"}],"about":[{"href":"https:\/\/przedszkole18.edu.wroclaw.pl\/index.php\/wp-json\/wp\/v2\/types\/post"}],"author":[{"embeddable":true,"href":"https:\/\/przedszkole18.edu.wroclaw.pl\/index.php\/wp-json\/wp\/v2\/users\/108"}],"replies":[{"embeddable":true,"href":"https:\/\/przedszkole18.edu.wroclaw.pl\/index.php\/wp-json\/wp\/v2\/comments?post=2876"}],"version-history":[{"count":1,"href":"https:\/\/przedszkole18.edu.wroclaw.pl\/index.php\/wp-json\/wp\/v2\/posts\/2876\/revisions"}],"predecessor-version":[{"id":2877,"href":"https:\/\/przedszkole18.edu.wroclaw.pl\/index.php\/wp-json\/wp\/v2\/posts\/2876\/revisions\/2877"}],"wp:featuredmedia":[{"embeddable":true,"href":"https:\/\/przedszkole18.edu.wroclaw.pl\/index.php\/wp-json\/wp\/v2\/media\/2875"}],"wp:attachment":[{"href":"https:\/\/przedszkole18.edu.wroclaw.pl\/index.php\/wp-json\/wp\/v2\/media?parent=2876"}],"wp:term":[{"taxonomy":"category","embeddable":true,"href":"https:\/\/przedszkole18.edu.wroclaw.pl\/index.php\/wp-json\/wp\/v2\/categories?post=2876"},{"taxonomy":"post_tag","embeddable":true,"href":"https:\/\/przedszkole18.edu.wroclaw.pl\/index.php\/wp-json\/wp\/v2\/tags?post=2876"}],"curies":[{"name":"wp","href":"https:\/\/api.w.org\/{rel}","templated":true}]}}