
{"id":2879,"date":"2020-12-01T01:02:24","date_gmt":"2020-12-01T00:02:24","guid":{"rendered":"https:\/\/przedszkole18.edu.wroclaw.pl\/?p=2879"},"modified":"2020-12-01T01:03:00","modified_gmt":"2020-12-01T00:03:00","slug":"deszczowa-piosenka","status":"publish","type":"post","link":"https:\/\/przedszkole18.edu.wroclaw.pl\/index.php\/2020\/12\/01\/deszczowa-piosenka\/","title":{"rendered":"Deszczowa piosenka"},"content":{"rendered":"<p>Cho\u0107 grudzie\u0144 w\u0142a\u015bnie zawita\u0142, to za oknem nadal utrzymuje si\u0119 jesienna aura.<br \/>\nJednak naszym dzielnym przedszkolakom \u017cadna pogoda nie straszna (a zw\u0142aszcza deszcz)!<\/p>\n<p style=\"text-align: left\">Zapraszamy do obejrzenia ta\u0144ca w wykonaniu naszych podopiecznych z grupy IV a, kt\u00f3ry jest dowodem na to,<br \/>\n\u017ce w czasie deszczu dzieci wcale si\u0119 nudz\u0105!<\/p>\n<p><a href=\"https:\/\/youtu.be\/UmXPXb7ccG4\">https:\/\/youtu.be\/UmXPXb7ccG4<\/a><\/p>\n<p style=\"text-align: center\">.<\/p>\n<p>&nbsp;<\/p>\n","protected":false},"excerpt":{"rendered":"<p>Cho\u0107 grudzie\u0144 w\u0142a\u015bnie zawita\u0142, to za oknem nadal utrzymuje si\u0119 jesienna aura. Jednak naszym dzielnym przedszkolakom \u017cadna pogoda nie straszna (a zw\u0142aszcza deszcz)! Zapraszamy do obejrzenia ta\u0144ca w wykonaniu naszych [&hellip;]<\/p>\n","protected":false},"author":105,"featured_media":421,"comment_status":"closed","ping_status":"closed","sticky":false,"template":"","format":"video","meta":{"ngg_post_thumbnail":0,"footnotes":""},"categories":[3],"tags":[],"class_list":["post-2879","post","type-post","status-publish","format-video","has-post-thumbnail","hentry","category-aktualnosci","post_format-post-format-video","clearfix"],"_links":{"self":[{"href":"https:\/\/przedszkole18.edu.wroclaw.pl\/index.php\/wp-json\/wp\/v2\/posts\/2879","targetHints":{"allow":["GET"]}}],"collection":[{"href":"https:\/\/przedszkole18.edu.wroclaw.pl\/index.php\/wp-json\/wp\/v2\/posts"}],"about":[{"href":"https:\/\/przedszkole18.edu.wroclaw.pl\/index.php\/wp-json\/wp\/v2\/types\/post"}],"author":[{"embeddable":true,"href":"https:\/\/przedszkole18.edu.wroclaw.pl\/index.php\/wp-json\/wp\/v2\/users\/105"}],"replies":[{"embeddable":true,"href":"https:\/\/przedszkole18.edu.wroclaw.pl\/index.php\/wp-json\/wp\/v2\/comments?post=2879"}],"version-history":[{"count":4,"href":"https:\/\/przedszkole18.edu.wroclaw.pl\/index.php\/wp-json\/wp\/v2\/posts\/2879\/revisions"}],"predecessor-version":[{"id":2883,"href":"https:\/\/przedszkole18.edu.wroclaw.pl\/index.php\/wp-json\/wp\/v2\/posts\/2879\/revisions\/2883"}],"wp:featuredmedia":[{"embeddable":true,"href":"https:\/\/przedszkole18.edu.wroclaw.pl\/index.php\/wp-json\/wp\/v2\/media\/421"}],"wp:attachment":[{"href":"https:\/\/przedszkole18.edu.wroclaw.pl\/index.php\/wp-json\/wp\/v2\/media?parent=2879"}],"wp:term":[{"taxonomy":"category","embeddable":true,"href":"https:\/\/przedszkole18.edu.wroclaw.pl\/index.php\/wp-json\/wp\/v2\/categories?post=2879"},{"taxonomy":"post_tag","embeddable":true,"href":"https:\/\/przedszkole18.edu.wroclaw.pl\/index.php\/wp-json\/wp\/v2\/tags?post=2879"}],"curies":[{"name":"wp","href":"https:\/\/api.w.org\/{rel}","templated":true}]}}