
{"id":2892,"date":"2020-12-02T11:30:37","date_gmt":"2020-12-02T10:30:37","guid":{"rendered":"https:\/\/przedszkole18.edu.wroclaw.pl\/?p=2892"},"modified":"2020-12-02T11:30:37","modified_gmt":"2020-12-02T10:30:37","slug":"mikolaj-w-przedszkolu","status":"publish","type":"post","link":"https:\/\/przedszkole18.edu.wroclaw.pl\/index.php\/2020\/12\/02\/mikolaj-w-przedszkolu\/","title":{"rendered":"Miko\u0142aj w przedszkolu!"},"content":{"rendered":"<p><span style=\"color: #ff0000;font-size: 14pt\"><em><strong>D<\/strong><\/em><em><strong><span style=\"color: #ff0000\"><em><strong>r<\/strong><\/em><\/span>odzy Pa\u0144stwo, Kochane dzieci !<\/strong><\/em><\/span><\/p>\n<p><span style=\"font-size: 14pt\"><em><strong><span style=\"color: #800080\">W pi\u0105tek 4 grudnia, o godzinie 9.30 odwiedzi Nas Miko\u0142aj! <\/span><\/strong><\/em><\/span><\/p>\n<p><span style=\"font-size: 14pt\"><em><strong><span style=\"color: #800080\">Czekamy,\u00a0 licz\u0105c\u00a0 na odrobin\u0119 bia\u0142ego puchu, bo\u00a0 to sprzyja dobrej, radosnej atmosferze.\u00a0 Tego dnia, ka\u017cda\u00a0 grupy w\u00a0 swojej sali, spotka si\u0119 z Miko\u0142ajem.\u00a0 Dzieci b\u0119d\u0105 mog\u0142y,\u00a0 pochwali\u0107 si\u0119 wierszem lub piosenk\u0105 i oczywi\u015bcie swoim dobrym zachowaniem!\u00a0 <\/span><\/strong><\/em><\/span><\/p>\n<p><span style=\"font-size: 14pt\"><em><strong><span style=\"color: #800080\">W plac\u00f3wce b\u0119dzie fotograf, kt\u00f3ry zrobi dzieciom, pami\u0105tkowe zdj\u0119cia z Miko\u0142ajem.\u00a0<\/span><\/strong><\/em><\/span><\/p>\n<p><strong><span style=\"color: #008000\"><em>Pozdrawiam\u00a0 \u017cycz\u0105c jednocze\u015bnie i Wam drodzy rodzice,\u00a0 spotkania\u00a0 Miko\u0142aja.\u00a0 Dyrektor plac\u00f3wki Lidia Walczak-I\u017cycka 728520159<\/em><\/span><\/strong><\/p>\n","protected":false},"excerpt":{"rendered":"<p>Drodzy Pa\u0144stwo, Kochane dzieci ! W pi\u0105tek 4 grudnia, o godzinie 9.30 odwiedzi Nas Miko\u0142aj! Czekamy,\u00a0 licz\u0105c\u00a0 na odrobin\u0119 bia\u0142ego puchu, bo\u00a0 to sprzyja dobrej, radosnej atmosferze.\u00a0 Tego dnia, ka\u017cda\u00a0 [&hellip;]<\/p>\n","protected":false},"author":115,"featured_media":0,"comment_status":"closed","ping_status":"closed","sticky":false,"template":"","format":"standard","meta":{"ngg_post_thumbnail":0,"footnotes":""},"categories":[3],"tags":[],"class_list":["post-2892","post","type-post","status-publish","format-standard","hentry","category-aktualnosci","clearfix"],"_links":{"self":[{"href":"https:\/\/przedszkole18.edu.wroclaw.pl\/index.php\/wp-json\/wp\/v2\/posts\/2892","targetHints":{"allow":["GET"]}}],"collection":[{"href":"https:\/\/przedszkole18.edu.wroclaw.pl\/index.php\/wp-json\/wp\/v2\/posts"}],"about":[{"href":"https:\/\/przedszkole18.edu.wroclaw.pl\/index.php\/wp-json\/wp\/v2\/types\/post"}],"author":[{"embeddable":true,"href":"https:\/\/przedszkole18.edu.wroclaw.pl\/index.php\/wp-json\/wp\/v2\/users\/115"}],"replies":[{"embeddable":true,"href":"https:\/\/przedszkole18.edu.wroclaw.pl\/index.php\/wp-json\/wp\/v2\/comments?post=2892"}],"version-history":[{"count":1,"href":"https:\/\/przedszkole18.edu.wroclaw.pl\/index.php\/wp-json\/wp\/v2\/posts\/2892\/revisions"}],"predecessor-version":[{"id":2893,"href":"https:\/\/przedszkole18.edu.wroclaw.pl\/index.php\/wp-json\/wp\/v2\/posts\/2892\/revisions\/2893"}],"wp:attachment":[{"href":"https:\/\/przedszkole18.edu.wroclaw.pl\/index.php\/wp-json\/wp\/v2\/media?parent=2892"}],"wp:term":[{"taxonomy":"category","embeddable":true,"href":"https:\/\/przedszkole18.edu.wroclaw.pl\/index.php\/wp-json\/wp\/v2\/categories?post=2892"},{"taxonomy":"post_tag","embeddable":true,"href":"https:\/\/przedszkole18.edu.wroclaw.pl\/index.php\/wp-json\/wp\/v2\/tags?post=2892"}],"curies":[{"name":"wp","href":"https:\/\/api.w.org\/{rel}","templated":true}]}}