
{"id":2917,"date":"2020-12-05T21:14:35","date_gmt":"2020-12-05T20:14:35","guid":{"rendered":"https:\/\/przedszkole18.edu.wroclaw.pl\/?p=2917"},"modified":"2020-12-05T21:14:35","modified_gmt":"2020-12-05T20:14:35","slug":"wizyta-mikolaja-w-przedszkolu","status":"publish","type":"post","link":"https:\/\/przedszkole18.edu.wroclaw.pl\/index.php\/2020\/12\/05\/wizyta-mikolaja-w-przedszkolu\/","title":{"rendered":"WIZYTA MIKO\u0141AJA W PRZEDSZKOLU"},"content":{"rendered":"<p><strong><span style=\"color: #000000;font-size: 14pt\"><span style=\"color: #ff0000;font-size: 36pt\">\u015awi\u0119ty Miko\u0142aj<\/span> lubi odwiedza\u0107 dzieci w ka\u017cdym miejscu na ca\u0142ym \u015bwiecie. <\/span><\/strong><strong><span style=\"color: #000000;font-size: 14pt\">4 grudnia z workiem pe\u0142nym prezent\u00f3w przyjecha\u0142 r\u00f3wnie\u017c do naszego przedszkola. <\/span><\/strong><strong><span style=\"color: #000000;font-size: 14pt\">Dzieci nads\u0142uchiwa\u0142y d\u017awi\u0119ku dzwoneczk\u00f3w, kt\u00f3re s\u0142ycha\u0107 by\u0142o ju\u017c z daleka i \u015bwiadczy\u0142o to o tym, \u017ce do przedszkola zbli\u017ca si\u0119 nikt inny, jak \u015awi\u0119ty Miko\u0142aj we w\u0142asnej osobie. Przedszkolaki by\u0142y bardzo szcz\u0119\u015bliwe, rozpromienione, a kiedy znalaz\u0142y si\u0119 blisko \u015bw. Miko\u0142aja \u2013 troszk\u0119 zawstydzone. Opr\u00f3cz pe\u0142nego prezent\u00f3w worka \u015bw. Miko\u0142aj przywi\u00f3z\u0142 ze sob\u0105 du\u017co u\u015bmiechu. Rozmawia\u0142 z dzie\u0107mi, zach\u0119ca\u0142 ich, aby by\u0142y grzeczne, s\u0142ucha\u0142y rodzic\u00f3w i pa\u0144 w przedszkolu. Na zako\u0144czenie \u015awi\u0119ty Miko\u0142aj zostawi\u0142 paczki dla wszystkich dzieci, a w nich \u2013 dla ka\u017cdego co\u015b dobrego! Za prezenty dzieciaki odwdzi\u0119czy\u0142y si\u0119 pi\u0119knie za\u015bpiewanymi piosenkami. Oczekiwana ca\u0142y rok wizyta \u015bw. Miko\u0142aja min\u0119\u0142a w bardzo mi\u0142ej atmosferze i przynios\u0142a wszystkim wiele rado\u015bci. Dzie\u0144 ten na d\u0142ugo pozostanie w pami\u0119ci wszystkich przedszkolak\u00f3w.<\/span><\/strong><\/p>\n<p><a href=\"https:\/\/przedszkole18.edu.wroclaw.pl\/wp-content\/uploads\/sites\/36\/2020\/12\/3-scaled.jpg\"><img loading=\"lazy\" decoding=\"async\" class=\"wp-image-2916 size-large aligncenter\" src=\"https:\/\/przedszkole18.edu.wroclaw.pl\/wp-content\/uploads\/sites\/36\/2020\/12\/3-768x1024.jpg\" alt=\"\" width=\"625\" height=\"833\" \/><\/a><\/p>\n<p>&nbsp;<\/p>\n","protected":false},"excerpt":{"rendered":"<p>\u015awi\u0119ty Miko\u0142aj lubi odwiedza\u0107 dzieci w ka\u017cdym miejscu na ca\u0142ym \u015bwiecie. 4 grudnia z workiem pe\u0142nym prezent\u00f3w przyjecha\u0142 r\u00f3wnie\u017c do naszego przedszkola. Dzieci nads\u0142uchiwa\u0142y d\u017awi\u0119ku dzwoneczk\u00f3w, kt\u00f3re s\u0142ycha\u0107 by\u0142o ju\u017c [&hellip;]<\/p>\n","protected":false},"author":108,"featured_media":0,"comment_status":"closed","ping_status":"closed","sticky":false,"template":"","format":"standard","meta":{"ngg_post_thumbnail":0,"footnotes":""},"categories":[3],"tags":[],"class_list":["post-2917","post","type-post","status-publish","format-standard","hentry","category-aktualnosci","clearfix"],"_links":{"self":[{"href":"https:\/\/przedszkole18.edu.wroclaw.pl\/index.php\/wp-json\/wp\/v2\/posts\/2917","targetHints":{"allow":["GET"]}}],"collection":[{"href":"https:\/\/przedszkole18.edu.wroclaw.pl\/index.php\/wp-json\/wp\/v2\/posts"}],"about":[{"href":"https:\/\/przedszkole18.edu.wroclaw.pl\/index.php\/wp-json\/wp\/v2\/types\/post"}],"author":[{"embeddable":true,"href":"https:\/\/przedszkole18.edu.wroclaw.pl\/index.php\/wp-json\/wp\/v2\/users\/108"}],"replies":[{"embeddable":true,"href":"https:\/\/przedszkole18.edu.wroclaw.pl\/index.php\/wp-json\/wp\/v2\/comments?post=2917"}],"version-history":[{"count":1,"href":"https:\/\/przedszkole18.edu.wroclaw.pl\/index.php\/wp-json\/wp\/v2\/posts\/2917\/revisions"}],"predecessor-version":[{"id":2918,"href":"https:\/\/przedszkole18.edu.wroclaw.pl\/index.php\/wp-json\/wp\/v2\/posts\/2917\/revisions\/2918"}],"wp:attachment":[{"href":"https:\/\/przedszkole18.edu.wroclaw.pl\/index.php\/wp-json\/wp\/v2\/media?parent=2917"}],"wp:term":[{"taxonomy":"category","embeddable":true,"href":"https:\/\/przedszkole18.edu.wroclaw.pl\/index.php\/wp-json\/wp\/v2\/categories?post=2917"},{"taxonomy":"post_tag","embeddable":true,"href":"https:\/\/przedszkole18.edu.wroclaw.pl\/index.php\/wp-json\/wp\/v2\/tags?post=2917"}],"curies":[{"name":"wp","href":"https:\/\/api.w.org\/{rel}","templated":true}]}}