
{"id":2955,"date":"2020-12-08T22:11:21","date_gmt":"2020-12-08T21:11:21","guid":{"rendered":"https:\/\/przedszkole18.edu.wroclaw.pl\/?p=2955"},"modified":"2020-12-08T22:11:21","modified_gmt":"2020-12-08T21:11:21","slug":"teatrzyk-w-przedszkolu","status":"publish","type":"post","link":"https:\/\/przedszkole18.edu.wroclaw.pl\/index.php\/2020\/12\/08\/teatrzyk-w-przedszkolu\/","title":{"rendered":"TEATRZYK W PRZEDSZKOLU"},"content":{"rendered":"<p><span style=\"color: #000000;font-size: 14pt\"><strong>Dzi\u015b wszystkie dzieci, za po\u015brednictwem internetu, obejrza\u0142y specjalne miko\u0142ajkowe\u00a0 przedstawienie\u00a0 pt. <span style=\"color: #000080\">&#8222;ELFY TRZY&#8221;<\/span> w wykonaniu teatru KULTURESKA. <\/strong><\/span><\/p>\n<div class=\"page\" title=\"Page 1\">\n<div class=\"section\">\n<div class=\"layoutArea\">\n<div class=\"column\">\n<p><span style=\"color: #000000\"><strong><span style=\"font-size: 14pt\">&#8222;Elfy Trzy&#8221; to spektakl o \u015bwi\u0105tecznej tematyce . Przeni\u00f3s\u0142\u00a0 dzieci na roz\u015bpiewany i rozta\u0144czony biegun p\u00f3\u0142nocny, dzi\u0119ki bajkowej \u015bwi\u0105tecznej scenografii i kostiumom. Spektakl przesycony by\u0142 autorsk\u0105 \u015bwi\u0105teczn\u0105 muzyk\u0105 i wyj\u0105tkowymi efektami scenicznymi. Historia trzech elf\u00f3w pe\u0142na by\u0142a \u017cart\u00f3w, komicznych scen, pi\u0119knych piosenek, ale i&#8230; zwrot\u00f3w akcji. Zawiera\u0142a wychowawczy mora\u0142 i t\u0142umaczy\u0142a dzieciom, dlaczego nie warto by\u0107 niegrzecznym.<\/span><\/strong><\/span><\/p>\n<\/div>\n<\/div>\n<\/div>\n<\/div>\n<p><span style=\"color: #000000;font-size: 14pt\"><strong>Teatrzyk sfinansowany by\u0142 z bud\u017cetu Rady Rodzic\u00f3w.<\/strong><\/span><\/p>\n<p><a href=\"https:\/\/przedszkole18.edu.wroclaw.pl\/wp-content\/uploads\/sites\/36\/2020\/12\/5-scaled.jpg\"><img loading=\"lazy\" decoding=\"async\" class=\"wp-image-2953 size-medium aligncenter\" src=\"https:\/\/przedszkole18.edu.wroclaw.pl\/wp-content\/uploads\/sites\/36\/2020\/12\/5-225x300.jpg\" alt=\"\" width=\"225\" height=\"300\" \/><\/a><\/p>\n<p><a href=\"https:\/\/przedszkole18.edu.wroclaw.pl\/wp-content\/uploads\/sites\/36\/2020\/12\/1-1-scaled.jpg\"><img loading=\"lazy\" decoding=\"async\" class=\"size-medium wp-image-2950 aligncenter\" src=\"https:\/\/przedszkole18.edu.wroclaw.pl\/wp-content\/uploads\/sites\/36\/2020\/12\/1-1-225x300.jpg\" alt=\"\" width=\"225\" height=\"300\" \/><\/a><\/p>\n<p><a href=\"https:\/\/przedszkole18.edu.wroclaw.pl\/wp-content\/uploads\/sites\/36\/2020\/12\/2-scaled.jpg\"><img loading=\"lazy\" decoding=\"async\" class=\"size-medium wp-image-2951 aligncenter\" src=\"https:\/\/przedszkole18.edu.wroclaw.pl\/wp-content\/uploads\/sites\/36\/2020\/12\/2-300x225.jpg\" alt=\"\" width=\"300\" height=\"225\" \/><\/a><\/p>\n<p><span style=\"color: #000000;font-size: 14pt\"><strong>Serdecznie dzi\u0119kujemy<\/strong> <\/span><\/p>\n","protected":false},"excerpt":{"rendered":"<p>Dzi\u015b wszystkie dzieci, za po\u015brednictwem internetu, obejrza\u0142y specjalne miko\u0142ajkowe\u00a0 przedstawienie\u00a0 pt. &#8222;ELFY TRZY&#8221; w wykonaniu teatru KULTURESKA. &#8222;Elfy Trzy&#8221; to spektakl o \u015bwi\u0105tecznej tematyce . Przeni\u00f3s\u0142\u00a0 dzieci na roz\u015bpiewany i [&hellip;]<\/p>\n","protected":false},"author":108,"featured_media":0,"comment_status":"closed","ping_status":"closed","sticky":false,"template":"","format":"standard","meta":{"ngg_post_thumbnail":0,"footnotes":""},"categories":[3],"tags":[],"class_list":["post-2955","post","type-post","status-publish","format-standard","hentry","category-aktualnosci","clearfix"],"_links":{"self":[{"href":"https:\/\/przedszkole18.edu.wroclaw.pl\/index.php\/wp-json\/wp\/v2\/posts\/2955","targetHints":{"allow":["GET"]}}],"collection":[{"href":"https:\/\/przedszkole18.edu.wroclaw.pl\/index.php\/wp-json\/wp\/v2\/posts"}],"about":[{"href":"https:\/\/przedszkole18.edu.wroclaw.pl\/index.php\/wp-json\/wp\/v2\/types\/post"}],"author":[{"embeddable":true,"href":"https:\/\/przedszkole18.edu.wroclaw.pl\/index.php\/wp-json\/wp\/v2\/users\/108"}],"replies":[{"embeddable":true,"href":"https:\/\/przedszkole18.edu.wroclaw.pl\/index.php\/wp-json\/wp\/v2\/comments?post=2955"}],"version-history":[{"count":1,"href":"https:\/\/przedszkole18.edu.wroclaw.pl\/index.php\/wp-json\/wp\/v2\/posts\/2955\/revisions"}],"predecessor-version":[{"id":2956,"href":"https:\/\/przedszkole18.edu.wroclaw.pl\/index.php\/wp-json\/wp\/v2\/posts\/2955\/revisions\/2956"}],"wp:attachment":[{"href":"https:\/\/przedszkole18.edu.wroclaw.pl\/index.php\/wp-json\/wp\/v2\/media?parent=2955"}],"wp:term":[{"taxonomy":"category","embeddable":true,"href":"https:\/\/przedszkole18.edu.wroclaw.pl\/index.php\/wp-json\/wp\/v2\/categories?post=2955"},{"taxonomy":"post_tag","embeddable":true,"href":"https:\/\/przedszkole18.edu.wroclaw.pl\/index.php\/wp-json\/wp\/v2\/tags?post=2955"}],"curies":[{"name":"wp","href":"https:\/\/api.w.org\/{rel}","templated":true}]}}