
{"id":2961,"date":"2020-12-09T13:10:10","date_gmt":"2020-12-09T12:10:10","guid":{"rendered":"https:\/\/przedszkole18.edu.wroclaw.pl\/?p=2961"},"modified":"2020-12-09T13:10:10","modified_gmt":"2020-12-09T12:10:10","slug":"propozycja","status":"publish","type":"post","link":"https:\/\/przedszkole18.edu.wroclaw.pl\/index.php\/2020\/12\/09\/propozycja\/","title":{"rendered":"Propozycja."},"content":{"rendered":"<p><em><strong><span style=\"font-size: 14pt;color: #800000\">Szanowni Pa\u0144stwo !<br \/>\n<\/span><\/strong><\/em><\/p>\n<p><span style=\"color: #000080\"><em><span style=\"font-size: 14pt\">Otrzyma\u0142am propozycj\u0119,\u00a0 od firmy fotograficznej, na zorganizowanie w przedszkolu rodzinnej\u00a0 sesji zdj\u0119ciowej\u00a0 w \u015bwi\u0105tecznej scenografii. Firma organizuje\u00a0 sesje z zachowanie re\u017cimu sanitarnego,\u00a0 zapewniaj\u0105c jednocze\u015bnie, wszystkie potrzebne gad\u017cety scenograficzne. <\/span><\/em><\/span><\/p>\n<p><span style=\"color: #000080\"><em><span style=\"font-size: 14pt\">W przypadku zainteresowania z Pa\u0144stwa strony,\u00a0 przedszkole przygotuje si\u0119 na takie sesje,\u00a0 zgodnie z obowi\u0105zuj\u0105cymi procedurami bezpiecze\u0144stwa. <\/span><\/em><\/span><\/p>\n<p><span style=\"color: #000080\"><em><span style=\"font-size: 14pt\">Pozdrawiam serdecznie i \u017cycz\u0119 du\u017co zdrowia.\u00a0 Lidia Walczak- I\u017cycka\u00a0<\/span> <\/em><\/span><\/p>\n<p><a href=\"https:\/\/przedszkole18.edu.wroclaw.pl\/wp-content\/uploads\/sites\/36\/2020\/12\/Oferta-2-_Zdjecia-przedszkole.pdf\">Oferta 2 _Zdj\u0119cia przedszkole<\/a><\/p>\n<p>&nbsp;<\/p>\n","protected":false},"excerpt":{"rendered":"<p>Szanowni Pa\u0144stwo ! Otrzyma\u0142am propozycj\u0119,\u00a0 od firmy fotograficznej, na zorganizowanie w przedszkolu rodzinnej\u00a0 sesji zdj\u0119ciowej\u00a0 w \u015bwi\u0105tecznej scenografii. Firma organizuje\u00a0 sesje z zachowanie re\u017cimu sanitarnego,\u00a0 zapewniaj\u0105c jednocze\u015bnie, wszystkie potrzebne gad\u017cety [&hellip;]<\/p>\n","protected":false},"author":115,"featured_media":0,"comment_status":"closed","ping_status":"closed","sticky":false,"template":"","format":"standard","meta":{"ngg_post_thumbnail":0,"footnotes":""},"categories":[3],"tags":[],"class_list":["post-2961","post","type-post","status-publish","format-standard","hentry","category-aktualnosci","clearfix"],"_links":{"self":[{"href":"https:\/\/przedszkole18.edu.wroclaw.pl\/index.php\/wp-json\/wp\/v2\/posts\/2961","targetHints":{"allow":["GET"]}}],"collection":[{"href":"https:\/\/przedszkole18.edu.wroclaw.pl\/index.php\/wp-json\/wp\/v2\/posts"}],"about":[{"href":"https:\/\/przedszkole18.edu.wroclaw.pl\/index.php\/wp-json\/wp\/v2\/types\/post"}],"author":[{"embeddable":true,"href":"https:\/\/przedszkole18.edu.wroclaw.pl\/index.php\/wp-json\/wp\/v2\/users\/115"}],"replies":[{"embeddable":true,"href":"https:\/\/przedszkole18.edu.wroclaw.pl\/index.php\/wp-json\/wp\/v2\/comments?post=2961"}],"version-history":[{"count":1,"href":"https:\/\/przedszkole18.edu.wroclaw.pl\/index.php\/wp-json\/wp\/v2\/posts\/2961\/revisions"}],"predecessor-version":[{"id":2962,"href":"https:\/\/przedszkole18.edu.wroclaw.pl\/index.php\/wp-json\/wp\/v2\/posts\/2961\/revisions\/2962"}],"wp:attachment":[{"href":"https:\/\/przedszkole18.edu.wroclaw.pl\/index.php\/wp-json\/wp\/v2\/media?parent=2961"}],"wp:term":[{"taxonomy":"category","embeddable":true,"href":"https:\/\/przedszkole18.edu.wroclaw.pl\/index.php\/wp-json\/wp\/v2\/categories?post=2961"},{"taxonomy":"post_tag","embeddable":true,"href":"https:\/\/przedszkole18.edu.wroclaw.pl\/index.php\/wp-json\/wp\/v2\/tags?post=2961"}],"curies":[{"name":"wp","href":"https:\/\/api.w.org\/{rel}","templated":true}]}}