
{"id":2978,"date":"2020-12-13T22:25:02","date_gmt":"2020-12-13T21:25:02","guid":{"rendered":"https:\/\/przedszkole18.edu.wroclaw.pl\/?p=2978"},"modified":"2020-12-13T22:41:52","modified_gmt":"2020-12-13T21:41:52","slug":"nagroda-dla-wiolinka","status":"publish","type":"post","link":"https:\/\/przedszkole18.edu.wroclaw.pl\/index.php\/2020\/12\/13\/nagroda-dla-wiolinka\/","title":{"rendered":"Nagroda dla Wiolinka"},"content":{"rendered":"<p>Drodzy Rodzice,<br \/>\nz rado\u015bci\u0105 informujemy, \u017ce dzieci z naszego przedszkolnego ch\u00f3ru, wy\u015bpiewa\u0142y <strong>III. nagrod\u0119<\/strong> w kategorii zespo\u0142\u00f3w wokalno-instrumentalnych do lat 8 na Og\u00f3lnopolskim konkursie piosenki patriotycznej &#8222;Ka\u017cdy Polak gra i \u015bpiewa Polsce&#8221;, organizowanym przez MDK &#8222;Dom Harcerza&#8221; w Krakowie.\u00a0 Konkurencja by\u0142a ogromna, poniewa\u017c na tegoroczn\u0105 edycj\u0119 konkursu wp\u0142yn\u0119\u0142o ponad p\u00f3\u0142 tysi\u0105ca zg\u0142osze\u0144! Tym bardziej jeste\u015bmy dumni i gratulujemy podopiecznym pana Paw\u0142a, \u017cycz\u0105c kolejnych artystycznych sukces\u00f3w.<\/p>\n<p>Nagranie piosenki konkursowej mo\u017cecie Pa\u0144stwo obejrze\u0107, wchodz\u0105c w link: <a href=\"https:\/\/youtu.be\/NIVfviuSiPw\">https:\/\/youtu.be\/NIVfviuSiPw<\/a><\/p>\n<p>&nbsp;<\/p>\n<p><img loading=\"lazy\" decoding=\"async\" class=\"aligncenter size-large wp-image-2979\" src=\"https:\/\/przedszkole18.edu.wroclaw.pl\/wp-content\/uploads\/sites\/36\/2020\/12\/CH\ufffdR-P-18-WIOLINKI1-724x1024.jpg\" alt=\"\" width=\"625\" height=\"884\" srcset=\"https:\/\/przedszkole18.edu.wroclaw.pl\/wp-content\/uploads\/sites\/36\/2020\/12\/CH\ufffdR-P-18-WIOLINKI1-724x1024.jpg 724w, https:\/\/przedszkole18.edu.wroclaw.pl\/wp-content\/uploads\/sites\/36\/2020\/12\/CH\ufffdR-P-18-WIOLINKI1-212x300.jpg 212w, https:\/\/przedszkole18.edu.wroclaw.pl\/wp-content\/uploads\/sites\/36\/2020\/12\/CH\ufffdR-P-18-WIOLINKI1-768x1086.jpg 768w, https:\/\/przedszkole18.edu.wroclaw.pl\/wp-content\/uploads\/sites\/36\/2020\/12\/CH\ufffdR-P-18-WIOLINKI1-600x849.jpg 600w, https:\/\/przedszkole18.edu.wroclaw.pl\/wp-content\/uploads\/sites\/36\/2020\/12\/CH\ufffdR-P-18-WIOLINKI1-1086x1536.jpg 1086w, https:\/\/przedszkole18.edu.wroclaw.pl\/wp-content\/uploads\/sites\/36\/2020\/12\/CH\ufffdR-P-18-WIOLINKI1-1448x2048.jpg 1448w, https:\/\/przedszkole18.edu.wroclaw.pl\/wp-content\/uploads\/sites\/36\/2020\/12\/CH\ufffdR-P-18-WIOLINKI1-624x883.jpg 624w, https:\/\/przedszkole18.edu.wroclaw.pl\/wp-content\/uploads\/sites\/36\/2020\/12\/CH\ufffdR-P-18-WIOLINKI1-scaled.jpg 1810w\" sizes=\"auto, (max-width: 625px) 100vw, 625px\" \/><\/p>\n","protected":false},"excerpt":{"rendered":"<p>Drodzy Rodzice, z rado\u015bci\u0105 informujemy, \u017ce dzieci z naszego przedszkolnego ch\u00f3ru, wy\u015bpiewa\u0142y III. nagrod\u0119 w kategorii zespo\u0142\u00f3w wokalno-instrumentalnych do lat 8 na Og\u00f3lnopolskim konkursie piosenki patriotycznej &#8222;Ka\u017cdy Polak gra i [&hellip;]<\/p>\n","protected":false},"author":105,"featured_media":0,"comment_status":"closed","ping_status":"closed","sticky":false,"template":"","format":"standard","meta":{"ngg_post_thumbnail":0,"footnotes":""},"categories":[3],"tags":[],"class_list":["post-2978","post","type-post","status-publish","format-standard","hentry","category-aktualnosci","clearfix"],"_links":{"self":[{"href":"https:\/\/przedszkole18.edu.wroclaw.pl\/index.php\/wp-json\/wp\/v2\/posts\/2978","targetHints":{"allow":["GET"]}}],"collection":[{"href":"https:\/\/przedszkole18.edu.wroclaw.pl\/index.php\/wp-json\/wp\/v2\/posts"}],"about":[{"href":"https:\/\/przedszkole18.edu.wroclaw.pl\/index.php\/wp-json\/wp\/v2\/types\/post"}],"author":[{"embeddable":true,"href":"https:\/\/przedszkole18.edu.wroclaw.pl\/index.php\/wp-json\/wp\/v2\/users\/105"}],"replies":[{"embeddable":true,"href":"https:\/\/przedszkole18.edu.wroclaw.pl\/index.php\/wp-json\/wp\/v2\/comments?post=2978"}],"version-history":[{"count":2,"href":"https:\/\/przedszkole18.edu.wroclaw.pl\/index.php\/wp-json\/wp\/v2\/posts\/2978\/revisions"}],"predecessor-version":[{"id":2986,"href":"https:\/\/przedszkole18.edu.wroclaw.pl\/index.php\/wp-json\/wp\/v2\/posts\/2978\/revisions\/2986"}],"wp:attachment":[{"href":"https:\/\/przedszkole18.edu.wroclaw.pl\/index.php\/wp-json\/wp\/v2\/media?parent=2978"}],"wp:term":[{"taxonomy":"category","embeddable":true,"href":"https:\/\/przedszkole18.edu.wroclaw.pl\/index.php\/wp-json\/wp\/v2\/categories?post=2978"},{"taxonomy":"post_tag","embeddable":true,"href":"https:\/\/przedszkole18.edu.wroclaw.pl\/index.php\/wp-json\/wp\/v2\/tags?post=2978"}],"curies":[{"name":"wp","href":"https:\/\/api.w.org\/{rel}","templated":true}]}}