
{"id":2982,"date":"2020-12-13T22:41:03","date_gmt":"2020-12-13T21:41:03","guid":{"rendered":"https:\/\/przedszkole18.edu.wroclaw.pl\/?p=2982"},"modified":"2020-12-13T22:48:00","modified_gmt":"2020-12-13T21:48:00","slug":"koncert-jesienny","status":"publish","type":"post","link":"https:\/\/przedszkole18.edu.wroclaw.pl\/index.php\/2020\/12\/13\/koncert-jesienny\/","title":{"rendered":"Koncert Jesienny"},"content":{"rendered":"<p>Szanowni Pa\u0144stwo, Drodzy Rodzice,<\/p>\n<p>chocia\u017c \u015awi\u0119ta Bo\u017cego Narodzenia zbli\u017caj\u0105 si\u0119 wielkimi krokami, to kalendarzowa zima jeszcze u nas nie zago\u015bci\u0142a.<br \/>\n2. grudnia w naszym Przedszkolu odby\u0142 si\u0119 coroczny <strong>&#8222;Koncert Jesienny&#8221;<\/strong>, na kt\u00f3rym swoje umiej\u0119tno\u015bci zaprezentowa\u0142y dzieci, kontynuuj\u0105ce nauk\u0119 gry na instrumencie. Podopieczni naszych nauczycieli muzyki wyst\u0105pili tym razem przed kamer\u0105, a ca\u0142e wydarzenie &#8211; ze wzgl\u0119du na panuj\u0105c\u0105 pandemi\u0119 &#8211; odby\u0142o si\u0119 bez udzia\u0142u publiczno\u015bci. Tym samym mo\u017cemy powiedzie\u0107, \u017ce pierwszy koncert online &#8222;Wiolinek&#8221; ma ju\u017c za sob\u0105!<\/p>\n<p><strong>W poniedzia\u0142ek (14.12.2020)<\/strong> w zeszytach dzieci bior\u0105cych udzia\u0142 w koncercie, zamie\u015bcimy informacj\u0119 wraz z linkiem, pod kt\u00f3rym b\u0119dziecie mogli Pa\u0144stwo obejrze\u0107 wraz z bliskimi prezentacje Waszych Ma\u0142ych Artyst\u00f3w.<\/p>\n<p><img loading=\"lazy\" decoding=\"async\" class=\"size-large wp-image-2983 aligncenter\" src=\"https:\/\/przedszkole18.edu.wroclaw.pl\/wp-content\/uploads\/sites\/36\/2020\/12\/program-1-724x1024.jpg\" alt=\"\" width=\"625\" height=\"884\" \/><\/p>\n<p style=\"text-align: right\">nauczyciele muzyki<\/p>\n","protected":false},"excerpt":{"rendered":"<p>Szanowni Pa\u0144stwo, Drodzy Rodzice, chocia\u017c \u015awi\u0119ta Bo\u017cego Narodzenia zbli\u017caj\u0105 si\u0119 wielkimi krokami, to kalendarzowa zima jeszcze u nas nie zago\u015bci\u0142a. 2. grudnia w naszym Przedszkolu odby\u0142 si\u0119 coroczny &#8222;Koncert Jesienny&#8221;, [&hellip;]<\/p>\n","protected":false},"author":105,"featured_media":0,"comment_status":"closed","ping_status":"closed","sticky":false,"template":"","format":"standard","meta":{"ngg_post_thumbnail":0,"footnotes":""},"categories":[3,1],"tags":[],"class_list":["post-2982","post","type-post","status-publish","format-standard","hentry","category-aktualnosci","category-bez-kategorii","clearfix"],"_links":{"self":[{"href":"https:\/\/przedszkole18.edu.wroclaw.pl\/index.php\/wp-json\/wp\/v2\/posts\/2982","targetHints":{"allow":["GET"]}}],"collection":[{"href":"https:\/\/przedszkole18.edu.wroclaw.pl\/index.php\/wp-json\/wp\/v2\/posts"}],"about":[{"href":"https:\/\/przedszkole18.edu.wroclaw.pl\/index.php\/wp-json\/wp\/v2\/types\/post"}],"author":[{"embeddable":true,"href":"https:\/\/przedszkole18.edu.wroclaw.pl\/index.php\/wp-json\/wp\/v2\/users\/105"}],"replies":[{"embeddable":true,"href":"https:\/\/przedszkole18.edu.wroclaw.pl\/index.php\/wp-json\/wp\/v2\/comments?post=2982"}],"version-history":[{"count":1,"href":"https:\/\/przedszkole18.edu.wroclaw.pl\/index.php\/wp-json\/wp\/v2\/posts\/2982\/revisions"}],"predecessor-version":[{"id":2985,"href":"https:\/\/przedszkole18.edu.wroclaw.pl\/index.php\/wp-json\/wp\/v2\/posts\/2982\/revisions\/2985"}],"wp:attachment":[{"href":"https:\/\/przedszkole18.edu.wroclaw.pl\/index.php\/wp-json\/wp\/v2\/media?parent=2982"}],"wp:term":[{"taxonomy":"category","embeddable":true,"href":"https:\/\/przedszkole18.edu.wroclaw.pl\/index.php\/wp-json\/wp\/v2\/categories?post=2982"},{"taxonomy":"post_tag","embeddable":true,"href":"https:\/\/przedszkole18.edu.wroclaw.pl\/index.php\/wp-json\/wp\/v2\/tags?post=2982"}],"curies":[{"name":"wp","href":"https:\/\/api.w.org\/{rel}","templated":true}]}}