
{"id":2994,"date":"2020-12-16T18:28:45","date_gmt":"2020-12-16T17:28:45","guid":{"rendered":"https:\/\/przedszkole18.edu.wroclaw.pl\/?p=2994"},"modified":"2020-12-16T18:28:45","modified_gmt":"2020-12-16T17:28:45","slug":"wigilia-w-wiolinku","status":"publish","type":"post","link":"https:\/\/przedszkole18.edu.wroclaw.pl\/index.php\/2020\/12\/16\/wigilia-w-wiolinku\/","title":{"rendered":"Wigilia w &#8222;Wiolinku&#8221;."},"content":{"rendered":"<p><span style=\"font-size: 18pt\"><em><strong><span style=\"color: #800000\">Drodzy Rodzice! <\/span><\/strong><\/em><\/span><\/p>\n<p><span style=\"font-size: 14pt;color: #008000\"><em><strong>Jak co roku o tej porze, organizujemy \u00a0 Wigilijny\u00a0 obiad i wsp\u00f3lne\u00a0 od\u015bpiewanie kol\u0119d,\u00a0 chcemy wraz z dzie\u0107mi,\u00a0 odczu\u0107\u00a0 \u015bwi\u0105teczny, radosny\u00a0 nastr\u00f3j.\u00a0 Aby podkre\u015bli\u0107\u00a0 uroczysty charakter tego dnia,\u00a0 prosz\u0119 o przygotowanie dzieciom,\u00a0 galowego stroju. <\/strong><\/em><\/span><\/p>\n<p><span style=\"font-size: 14pt;color: #008000\"><em><strong>Wigilijny obiad planujemy na dzie\u0144 <span style=\"color: #0000ff\">22 grudnia \/wtorek\/ godz 14.00 <span style=\"color: #008000\">Zapraszamy serdecznie wszystkie dzieci. <\/span><br \/>\n<\/span><\/strong><\/em><\/span><\/p>\n<p><span style=\"font-size: 14pt;color: #008000\"><em><strong><span style=\"color: #008080\">Pozdrawiam i \u017cycz\u0119 du\u017co zdrowia. \u00a0<span style=\"font-size: 12pt\"> Lidia Walczak-I\u017cycka <\/span><\/span><\/strong><\/em><\/span><\/p>\n","protected":false},"excerpt":{"rendered":"<p>Drodzy Rodzice! Jak co roku o tej porze, organizujemy \u00a0 Wigilijny\u00a0 obiad i wsp\u00f3lne\u00a0 od\u015bpiewanie kol\u0119d,\u00a0 chcemy wraz z dzie\u0107mi,\u00a0 odczu\u0107\u00a0 \u015bwi\u0105teczny, radosny\u00a0 nastr\u00f3j.\u00a0 Aby podkre\u015bli\u0107\u00a0 uroczysty charakter tego dnia,\u00a0 [&hellip;]<\/p>\n","protected":false},"author":115,"featured_media":0,"comment_status":"closed","ping_status":"closed","sticky":false,"template":"","format":"standard","meta":{"ngg_post_thumbnail":0,"footnotes":""},"categories":[3],"tags":[],"class_list":["post-2994","post","type-post","status-publish","format-standard","hentry","category-aktualnosci","clearfix"],"_links":{"self":[{"href":"https:\/\/przedszkole18.edu.wroclaw.pl\/index.php\/wp-json\/wp\/v2\/posts\/2994","targetHints":{"allow":["GET"]}}],"collection":[{"href":"https:\/\/przedszkole18.edu.wroclaw.pl\/index.php\/wp-json\/wp\/v2\/posts"}],"about":[{"href":"https:\/\/przedszkole18.edu.wroclaw.pl\/index.php\/wp-json\/wp\/v2\/types\/post"}],"author":[{"embeddable":true,"href":"https:\/\/przedszkole18.edu.wroclaw.pl\/index.php\/wp-json\/wp\/v2\/users\/115"}],"replies":[{"embeddable":true,"href":"https:\/\/przedszkole18.edu.wroclaw.pl\/index.php\/wp-json\/wp\/v2\/comments?post=2994"}],"version-history":[{"count":1,"href":"https:\/\/przedszkole18.edu.wroclaw.pl\/index.php\/wp-json\/wp\/v2\/posts\/2994\/revisions"}],"predecessor-version":[{"id":2995,"href":"https:\/\/przedszkole18.edu.wroclaw.pl\/index.php\/wp-json\/wp\/v2\/posts\/2994\/revisions\/2995"}],"wp:attachment":[{"href":"https:\/\/przedszkole18.edu.wroclaw.pl\/index.php\/wp-json\/wp\/v2\/media?parent=2994"}],"wp:term":[{"taxonomy":"category","embeddable":true,"href":"https:\/\/przedszkole18.edu.wroclaw.pl\/index.php\/wp-json\/wp\/v2\/categories?post=2994"},{"taxonomy":"post_tag","embeddable":true,"href":"https:\/\/przedszkole18.edu.wroclaw.pl\/index.php\/wp-json\/wp\/v2\/tags?post=2994"}],"curies":[{"name":"wp","href":"https:\/\/api.w.org\/{rel}","templated":true}]}}